{"id":207407,"date":"2024-08-14T14:51:28","date_gmt":"2024-08-14T10:51:28","guid":{"rendered":""},"modified":"-0001-11-30T00:00:00","modified_gmt":"-0001-11-29T20:00:00","slug":"","status":"publish","type":"post","link":"https:\/\/ucnoqta.az\/?p=207407","title":{"rendered":"Prezident Olimpiya Oyunlar\u0131nda medal qazanm\u0131\u015f idman\u00e7\u0131lar\u0131 q\u0259bul edib &#8211;"},"content":{"rendered":"<p><strong>Az\u0259rbaycan Respublikas\u0131n\u0131n Prezidenti, Milli Olimpiya Komit\u0259sinin Prezidenti \u0130lham \u018fliyev avqustun 14-d\u0259 XXXIII Paris Yay Olimpiya Oyunlar\u0131nda medal qazanm\u0131\u015f Az\u0259rbaycan idman&ccedil;\u0131lar\u0131n\u0131 v\u0259 onlar\u0131n m\u0259\u015fq&ccedil;il\u0259rini q\u0259bul edib.<\/strong><\/p>\n<p>Ucnoqta.az x\u0259b\u0259r verir ki, g&ouml;r&uuml;\u015fd\u0259 &ccedil;\u0131x\u0131\u015f ed\u0259n d&ouml;vl\u0259t ba\u015f&ccedil;\u0131s\u0131&nbsp;<strong>\u0130lham \u018fliyev<\/strong>&nbsp;deyib:<\/p>\n<p>&#8211; \u0130lk n&ouml;vb\u0259d\u0259, idman&ccedil;\u0131lar\u0131m\u0131z\u0131 g&ouml;z\u0259l q\u0259l\u0259b\u0259l\u0259r m&uuml;nasib\u0259til\u0259 t\u0259brik edir\u0259m. Siz Yay Olimpiya Oyunlar\u0131nda &ouml;lk\u0259mizi l\u0259yaq\u0259tl\u0259 t\u0259msil etmisiniz, Az\u0259rbaycan Bayra\u011f\u0131n\u0131 ucaltm\u0131s\u0131n\u0131z, b&uuml;t&uuml;n xalq\u0131m\u0131z\u0131 sevindirmisiniz. Sizi h\u0259m t\u0259brik edir\u0259m, h\u0259m d\u0259 siz\u0259 &ouml;z t\u0259\u015f\u0259kk&uuml;r&uuml;m&uuml; bildirm\u0259k ist\u0259yir\u0259m.<\/p>\n<p>Olimpiya Oyunlar\u0131 b&uuml;t&uuml;n dig\u0259r idman yar\u0131\u015flar\u0131 aras\u0131nda x&uuml;susi yer tutan bir yar\u0131\u015fd\u0131r, d&ouml;rd ild\u0259n bir ke&ccedil;iril\u0259n idman bayram\u0131d\u0131r v\u0259 \u0259lb\u0259tt\u0259 ki, h\u0259r bir idman&ccedil;\u0131, h\u0259r bir &ouml;lk\u0259 bu Oyunlara x&uuml;susil\u0259 haz\u0131rla\u015f\u0131r. Bizim Olimpiya Oyunlar\u0131ndak\u0131 u\u011furlar\u0131m\u0131z \u0259vv\u0259lki ill\u0259rd\u0259 d\u0259, son Oyunlarda da g&ouml;st\u0259rir ki, Az\u0259rbaycan g&uuml;cl&uuml; idman d&ouml;vl\u0259tidir. T\u0259sad&uuml;fi deyil ki, biz bu Oyunlarda d&uuml;nyan\u0131n \u0259n g&uuml;cl&uuml; 30 &ouml;lk\u0259sinin aras\u0131nda yer alm\u0131\u015f\u0131q &#8211; 2 q\u0131z\u0131l, 2 g&uuml;m&uuml;\u015f v\u0259 3 b&uuml;r&uuml;nc medal, hesab edir\u0259m ki, &ccedil;ox yax\u015f\u0131 n\u0259tic\u0259dir. \u0130dman&ccedil;\u0131lar\u0131, onlar\u0131n m\u0259\u015fq&ccedil;il\u0259rini bu g&ouml;z\u0259l hadis\u0259 m&uuml;nasib\u0259til\u0259 bir daha t\u0259brik etm\u0259k ist\u0259yir\u0259m.<\/p>\n<p>Onu da bildirm\u0259k ist\u0259yir\u0259m ki, m&uuml;s\u0259lman &ouml;lk\u0259l\u0259ri aras\u0131nda Az\u0259rbaycan &uuml;&ccedil;&uuml;nc&uuml; yerd\u0259 q\u0259rarla\u015f\u0131b. N\u0259z\u0259r\u0259 alsaq ki, \u0130slam \u018fm\u0259kda\u015fl\u0131q T\u0259\u015fkilat\u0131nda 57 &uuml;zv m&ouml;vcuddur, hesab edir\u0259m, bu, &ccedil;ox g&ouml;z\u0259l v\u0259 tarixi n\u0259tic\u0259dir. B&uuml;t&ouml;vl&uuml;kd\u0259 komandam\u0131z\u0131n &ccedil;\u0131x\u0131\u015f\u0131na qiym\u0259t ver\u0259r\u0259k m\u0259n hesab edir\u0259m ki, bizim idman&ccedil;\u0131lar\u0131m\u0131z \u0259n y&uuml;ks\u0259k qiym\u0259t\u0259 layiq olmal\u0131d\u0131r.<\/p>\n<p>X&uuml;susil\u0259 q\u0131z\u0131l medal&ccedil;\u0131lar\u0131m\u0131z\u0131 &ndash; Hiday\u0259ti v\u0259 Zelimi &uuml;r\u0259kd\u0259n t\u0259brik etm\u0259k ist\u0259yir\u0259m. Onlar Olimpiya Oyunlar\u0131n\u0131n ilk g&uuml;nl\u0259rind\u0259 bu q\u0259l\u0259b\u0259 sevincini xalq\u0131m\u0131za b\u0259x\u015f etmi\u015fl\u0259r. Onlar\u0131n h\u0259m pe\u015f\u0259karl\u0131\u011f\u0131, h\u0259m idmandak\u0131 u\u011furlar\u0131 v\u0259 eyni zamanda, davran\u0131\u015f qaydalar\u0131, \u0259lb\u0259tt\u0259 ki, h\u0259r birimizi &uuml;r\u0259kd\u0259n sevindirdi. Onlar uzun ill\u0259r \u0259rzind\u0259 &ouml;z &ccedil;\u0259ki d\u0259r\u0259c\u0259l\u0259rind\u0259 liderliyi qoruyublar v\u0259 bu liderliyi Olimpiya Oyunlar\u0131nda bir daha t\u0259sdiq etmi\u015fl\u0259r. Onlar\u0131n m\u0259\u015fq&ccedil;il\u0259rini t\u0259brik edir\u0259m, C&uuml;do Federasiyas\u0131n\u0131n r\u0259hb\u0259rliyini t\u0259brik etm\u0259k ist\u0259yir\u0259m. Federasiyada i\u015fl\u0259r, t\u0259lim-m\u0259\u015fq prosesi d&uuml;zg&uuml;n qurulanda, ab-hava g&ouml;z\u0259l olanda n\u0259tic\u0259 d\u0259 \u0259lb\u0259tt\u0259 ki, g&ouml;z qaba\u011f\u0131ndad\u0131r.<\/p>\n<p>Daha &ccedil;ox medal qazana bil\u0259rdik, b\u0259li, qazana bil\u0259rdik. Amma bu idmand\u0131r, idmanda q\u0259l\u0259b\u0259 d\u0259 olur, m\u0259\u011flubiyy\u0259t d\u0259 olur. \u018fsas odur bu Oyunlar bir daha g&ouml;st\u0259rdi ki, Az\u0259rbaycanda idman\u0131n inki\u015faf\u0131 ard\u0131c\u0131l sur\u0259td\u0259 gedir. Onu da bildirm\u0259liy\u0259m ki, bizim idman&ccedil;\u0131lar\u0131m\u0131z be\u015f idman n&ouml;v&uuml;nd\u0259 medallar qazanm\u0131\u015flar: c&uuml;do, boks, taekvondo, yunan-Roma g&uuml;l\u0259\u015fi, s\u0259rb\u0259st g&uuml;l\u0259\u015f &uuml;zr\u0259. Y\u0259ni, bu da onu g&ouml;st\u0259rir ki, Az\u0259rbaycanda idman\u0131n bir &ccedil;ox n&ouml;vl\u0259ri inki\u015faf edir.<\/p>\n<p>\u018flb\u0259tt\u0259 ki, indi m&uuml;\u0259yy\u0259n istirah\u0259td\u0259n sonra yeni haz\u0131rl\u0131q prosesin\u0259 start veril\u0259c\u0259k, h\u0259m Avropa, h\u0259m d&uuml;nya &ccedil;empionatlar\u0131na haz\u0131rl\u0131q i\u015fl\u0259ri ged\u0259c\u0259k. \u018flb\u0259tt\u0259 ki, biz n&ouml;vb\u0259ti Olimpiya Oyunlar\u0131na da indid\u0259n haz\u0131rla\u015fmal\u0131y\u0131q. Bir ne&ccedil;\u0259 idman n&ouml;v&uuml;nd\u0259 n\u0259sill\u0259rin d\u0259yi\u015fm\u0259si prosesi gedir. Ona g&ouml;r\u0259 t\u0259bii ki, biz n&ouml;vb\u0259ti Olimpiya Oyunlar\u0131na bu prizmadan yana\u015fmal\u0131y\u0131q v\u0259 x&uuml;susil\u0259 u\u015faq-yeniyetm\u0259 idman\u0131na bundan sonra da diqq\u0259t g&ouml;st\u0259rilm\u0259lidir. N\u0259z\u0259r\u0259 alsaq ki, idmanla m\u0259\u015f\u011ful olmaq &uuml;&ccedil;&uuml;n indi &ouml;lk\u0259mizin h\u0259r bir yerind\u0259 g&ouml;z\u0259l \u015f\u0259rait var. \u0130dmana r\u0259hb\u0259rlik ed\u0259n qurumlar aras\u0131nda koordinasiya i\u015fl\u0259ri d&uuml;zg&uuml;n qurulub, federasiyalar, klublar u\u011furla f\u0259aliyy\u0259t g&ouml;st\u0259rir. N\u0259z\u0259r\u0259 alsaq ki, h\u0259r bir Olimpiya Oyunlar\u0131ndan sonra, x&uuml;susil\u0259 &ouml;lk\u0259miz &uuml;&ccedil;&uuml;n u\u011furlu Oyunlardan sonra idman b&ouml;lm\u0259l\u0259rin\u0259 u\u015faqlar\u0131n, yeniyetm\u0259l\u0259rin ax\u0131n\u0131 m&uuml;\u015fahid\u0259 olunur, m\u0259n \u0259min\u0259m, n&ouml;vb\u0259ti Olimpiya Oyunlar\u0131na haz\u0131rl\u0131q prosesi d\u0259 ard\u0131c\u0131l apar\u0131lacaq.<\/p>\n<p>\u018flb\u0259tt\u0259, tam \u0259min\u0259m ki, h\u0259m c&uuml;do, h\u0259m dig\u0259r idman n&ouml;vl\u0259ri il\u0259 m\u0259\u015f\u011ful olmaq ist\u0259y\u0259n u\u015faqlar\u0131m\u0131z\u0131n say\u0131 &ccedil;ox olacaq v\u0259 bunu arzulay\u0131ram. Uzun ill\u0259r \u0259rzind\u0259 idman\u0131n k&uuml;tl\u0259viliyi il\u0259 ba\u011fl\u0131 dediyim s&ouml;zl\u0259r v\u0259 verdiyim tap\u015f\u0131r\u0131qlar bir m\u0259qs\u0259di g&uuml;d&uuml;r ki, fiziki, m\u0259n\u0259vi c\u0259h\u0259td\u0259n sa\u011flam, V\u0259t\u0259n\u0259 ba\u011fl\u0131, v\u0259t\u0259np\u0259rv\u0259r v\u0259 pe\u015f\u0259kar g\u0259nc n\u0259sil yeti\u015fsin. \u0130dman&ccedil;\u0131lar\u0131m\u0131z\u0131n u\u011furlu &ccedil;\u0131x\u0131\u015flar\u0131 bunu bir daha g&ouml;st\u0259rdi ki, biz g\u0259nc n\u0259slimizl\u0259 haql\u0131 olaraq f\u0259xr ed\u0259 bil\u0259rik.<\/p>\n<p>\u018flb\u0259tt\u0259 ki, bu nailiyy\u0259tl\u0259r, eyni zamanda, medallar qazanm\u0131\u015f idman&ccedil;\u0131lar\u0131n m\u0259suliyy\u0259tini d\u0259 art\u0131r\u0131r. M\u0259n \u015fadam ki, bizim idman&ccedil;\u0131lar\u0131m\u0131z h\u0259m yar\u0131\u015flarda, eyni zamanda, h\u0259yatda n&uuml;mun\u0259vi davran\u0131\u015f qaydalar\u0131 g&ouml;st\u0259rirl\u0259r. Y\u0259ni, siz g\u0259ncl\u0259r &uuml;&ccedil;&uuml;n n&uuml;mun\u0259siniz. G\u0259ncl\u0259r siz\u0259 bax\u0131b sizin kimi olmaq ist\u0259y\u0259c\u0259kl\u0259r v\u0259 bu q\u0259l\u0259b\u0259nin vacib olan t\u0259r\u0259fl\u0259rind\u0259n biri m\u0259hz bundan ibar\u0259tdir.<\/p>\n<p>Bir daha sizi &uuml;r\u0259kd\u0259n t\u0259brik etm\u0259k v\u0259 siz\u0259 yeni q\u0259l\u0259b\u0259l\u0259r, u\u011furlar arzulamaq ist\u0259yir\u0259m.<\/p>\n<p><strong>x x x<\/strong><\/p>\n<p>Olimpiya &ccedil;empionu, c&uuml;do&ccedil;u&nbsp;<strong>Hiday\u0259t Heyd\u0259rov<\/strong>&nbsp;&ccedil;\u0131x\u0131\u015f ed\u0259r\u0259k deyib:<\/p>\n<p>&#8211; C\u0259nab Prezident, bu g&uuml;n bizi buraya d\u0259v\u0259t etdiyiniz &uuml;&ccedil;&uuml;n &ccedil;ox sa\u011f olun. M\u0259n &ccedil;ox xo\u015fb\u0259xt\u0259m ki, d&uuml;nya &ccedil;empionu olanda Siz m\u0259ni t\u0259brik etdiniz, m\u0259n\u0259 d\u0259st\u0259k oldunuz. Olimpiya &ccedil;empionlu\u011funda ilk olaraq Siz m\u0259n\u0259 z\u0259ng edib t\u0259brik etdiniz. D&uuml;zd&uuml;r, &ouml;z&uuml; burada olmasa da, m\u0259n bizim Olimpiya &ccedil;empionumuz Elnur M\u0259mm\u0259dliy\u0259 &ldquo;&Ccedil;ox sa\u011f ol&rdquo; dem\u0259k ist\u0259yir\u0259m. Biz bir-birimiz\u0259 s&ouml;z vermi\u015fdik ki, Avropa, d&uuml;nya v\u0259 Olimpiya &ccedil;empionu olaca\u011f\u0131q v\u0259 olduq. \u0130n\u015fallah, bundan sonra da Los-Anceles Olimpiadas\u0131na birlikd\u0259 haz\u0131rla\u015f\u0131b orada da &ouml;z q\u0259l\u0259b\u0259mi g&ouml;st\u0259r\u0259c\u0259y\u0259m.<\/p>\n<p>M\u0259n f\u0259xr edir\u0259m ki, Fransan\u0131n Paris \u015f\u0259h\u0259rind\u0259 Olimpiya &ccedil;empionu oldum, bizim Bayra\u011f\u0131m\u0131z qalxd\u0131 v\u0259 Himnimiz s\u0259sl\u0259ndirildi. M\u0259n bununla &ccedil;ox f\u0259xr edir\u0259m, &ccedil;ox sa\u011f olun, minn\u0259tdaram Siz\u0259.<\/p>\n<p><strong>Prezident \u0130lham \u018fliyev:<\/strong>&nbsp;Sa\u011f ol.<\/p>\n<p><strong>X X X<\/strong><\/p>\n<p>D&ouml;vl\u0259t ba\u015f&ccedil;\u0131s\u0131 Parisd\u0259 ke&ccedil;iril\u0259n Yay Olimpiya Oyunlar\u0131nda idman&ccedil;\u0131lar\u0131m\u0131z\u0131n z\u0259hm\u0259ti, istedad\u0131, pe\u015f\u0259karl\u0131\u011f\u0131 say\u0259sind\u0259 qazand\u0131qlar\u0131 q\u0259l\u0259b\u0259nin b&uuml;t&uuml;n xalq\u0131m\u0131za sevinc b\u0259x\u015f etdiyini deyib.<\/p>\n<p>Az\u0259rbaycan Prezidenti qeyd edib ki, x&uuml;susil\u0259 Olimpiya Oyunlar\u0131nda qazan\u0131lan q\u0259l\u0259b\u0259 idmanda da, m\u0259i\u015f\u0259td\u0259 d\u0259, h\u0259yatda da idman&ccedil;\u0131n\u0131n &uuml;z\u0259rin\u0259 b&ouml;y&uuml;k m\u0259suliyy\u0259t qoyur. \u0130dman&ccedil;\u0131lar\u0131m\u0131z\u0131n yaln\u0131z m\u0259har\u0259tl\u0259ri il\u0259 deyil, h\u0259m d\u0259 yar\u0131\u015f zaman\u0131 layiqli davran\u0131\u015flar\u0131 il\u0259 se&ccedil;ildikl\u0259rini vur\u011fulayan d&ouml;vl\u0259timizin ba\u015f&ccedil;\u0131s\u0131 dedi ki, bu, onlar\u0131n y&uuml;ks\u0259k m\u0259n\u0259vi keyfiyy\u0259tl\u0259rini b&uuml;t&uuml;n d&uuml;nyaya n&uuml;mayi\u015f etdirdi. Prezident \u0130lham \u018fliyev uzun ill\u0259r Olimpiya Oyunlar\u0131nda, d&uuml;nya v\u0259 Avropa &ccedil;empionatlar\u0131nda &ouml;lk\u0259mizin ad\u0131n\u0131 ucaldan veteran idman&ccedil;\u0131lara minn\u0259tdarl\u0131\u011f\u0131n\u0131 ifad\u0259 edib.<\/p>\n<p>D&ouml;vl\u0259t ba\u015f&ccedil;\u0131s\u0131 Az\u0259rbaycan idman&ccedil;\u0131lar\u0131na v\u0259 m\u0259\u015fq&ccedil;il\u0259rin\u0259 yeni q\u0259l\u0259b\u0259l\u0259r v\u0259 u\u011furlar arzulay\u0131b.<\/p>\n<p><strong>X X X<\/strong><\/p>\n<p>Sonra Olimpiya &ccedil;empionlar\u0131, c&uuml;do&ccedil;ular Hiday\u0259t Heyd\u0259rov v\u0259 Zelim Kotsoyev Az\u0259rbaycan Prezidentin\u0259 xatir\u0259 h\u0259diyy\u0259l\u0259ri t\u0259qdim edibl\u0259r.<\/p>\n<p>Daha sonra d&ouml;vl\u0259t ba\u015f&ccedil;\u0131s\u0131 XXXIII Paris Yay Olimpiya Oyunlar\u0131nda qazan\u0131lan y&uuml;ks\u0259k nailiyy\u0259tl\u0259r\u0259 v\u0259 Az\u0259rbaycan idman\u0131n\u0131n inki\u015faf\u0131nda xidm\u0259tl\u0259rin\u0259 g&ouml;r\u0259 t\u0259ltif olunan idman&ccedil;\u0131lara v\u0259 onlar\u0131n m\u0259\u015fq&ccedil;il\u0259rin\u0259 ordenl\u0259ri t\u0259qdim edib.<\/p>\n<p>Sonda xatir\u0259 \u015f\u0259kli &ccedil;\u0259kdirilib.<\/p>\n<p><strong>13:11<\/strong><\/p>\n<p><strong>Az\u0259rbaycan Respublikas\u0131n\u0131n Prezidenti, Milli Olimpiya Komit\u0259sinin Prezidenti \u0130lham \u018fliyev avqustun 14-d\u0259 XXXIII Paris Yay Olimpiya Oyunlar\u0131nda medal qazanm\u0131\u015f Az\u0259rbaycan idman&ccedil;\u0131lar\u0131n\u0131 v\u0259 onlar\u0131n m\u0259\u015fq&ccedil;il\u0259rini q\u0259bul edib.<\/strong><\/p>\n<p>Ucnoqta.az x\u0259b\u0259r verir ki, d&ouml;vl\u0259t ba\u015f&ccedil;\u0131s\u0131 Olimpiya Oyunlar\u0131nda qazan\u0131lm\u0131\u015f y&uuml;ks\u0259k nailiyy\u0259tl\u0259r\u0259 v\u0259 Az\u0259rbaycan idman\u0131n\u0131n inki\u015faf\u0131nda xidm\u0259tl\u0259rin\u0259 g&ouml;r\u0259 t\u0259ltif olunmu\u015f idman&ccedil;\u0131lara v\u0259 onlar\u0131n m\u0259\u015fq&ccedil;il\u0259rin\u0259 ordenl\u0259ri t\u0259qdim edib.<\/p>\n","protected":false},"excerpt":{"rendered":"<p>Az\u0259rbaycan Respublikas\u0131n\u0131n Prezidenti, Milli Olimpiya Komit\u0259sinin Prezidenti \u0130lham \u018fliyev avqustun 14-d\u0259 XXXIII Paris Yay Olimpiya Oyunlar\u0131nda medal qazanm\u0131\u015f Az\u0259rbaycan idman&ccedil;\u0131lar\u0131n\u0131 v\u0259 onlar\u0131n m\u0259\u015fq&ccedil;il\u0259rini q\u0259bul edib. Ucnoqta.az x\u0259b\u0259r verir ki, g&ouml;r&uuml;\u015fd\u0259&hellip;<\/p>\n","protected":false},"author":1,"featured_media":251278,"comment_status":"open","ping_status":"open","sticky":false,"template":"","format":"standard","meta":{"_lmt_disableupdate":"","_lmt_disable":"","footnotes":""},"categories":[],"tags":[],"class_list":["post-207407","post","type-post","status-publish","format-standard","has-post-thumbnail","hentry"],"_links":{"self":[{"href":"https:\/\/ucnoqta.az\/index.php?rest_route=\/wp\/v2\/posts\/207407","targetHints":{"allow":["GET"]}}],"collection":[{"href":"https:\/\/ucnoqta.az\/index.php?rest_route=\/wp\/v2\/posts"}],"about":[{"href":"https:\/\/ucnoqta.az\/index.php?rest_route=\/wp\/v2\/types\/post"}],"author":[{"embeddable":true,"href":"https:\/\/ucnoqta.az\/index.php?rest_route=\/wp\/v2\/users\/1"}],"replies":[{"embeddable":true,"href":"https:\/\/ucnoqta.az\/index.php?rest_route=%2Fwp%2Fv2%2Fcomments&post=207407"}],"version-history":[{"count":0,"href":"https:\/\/ucnoqta.az\/index.php?rest_route=\/wp\/v2\/posts\/207407\/revisions"}],"wp:featuredmedia":[{"embeddable":true,"href":"https:\/\/ucnoqta.az\/index.php?rest_route=\/wp\/v2\/media\/251278"}],"wp:attachment":[{"href":"https:\/\/ucnoqta.az\/index.php?rest_route=%2Fwp%2Fv2%2Fmedia&parent=207407"}],"wp:term":[{"taxonomy":"category","embeddable":true,"href":"https:\/\/ucnoqta.az\/index.php?rest_route=%2Fwp%2Fv2%2Fcategories&post=207407"},{"taxonomy":"post_tag","embeddable":true,"href":"https:\/\/ucnoqta.az\/index.php?rest_route=%2Fwp%2Fv2%2Ftags&post=207407"}],"curies":[{"name":"wp","href":"https:\/\/api.w.org\/{rel}","templated":true}]}}