{"id":207388,"date":"2024-08-14T10:43:08","date_gmt":"2024-08-14T06:43:08","guid":{"rendered":""},"modified":"-0001-11-30T00:00:00","modified_gmt":"-0001-11-29T20:00:00","slug":"","status":"publish","type":"post","link":"https:\/\/ucnoqta.az\/?p=207388","title":{"rendered":"Tahir G\u00f6zel Britaniya s\u0259firini GreenTech m\u00fc\u0259ssis\u0259sind\u0259 q\u0259bul edib"},"content":{"rendered":"<p><strong>Birl\u0259\u015fmi\u015f Krall\u0131\u011f\u0131n Az\u0259rbaycandak\u0131 s\u0259firi Fergus Auld Bak\u0131da Tahir G&ouml;zelin r\u0259hb\u0259rlik etdiyi Az\u0259rbaycan\u0131n m&uuml;asir istixana, k\u0259nd t\u0259s\u0259rr&uuml;fat\u0131 v\u0259 ya\u015f\u0131l texnologiya sektorunda qabaqc\u0131l yenilik&ccedil;il\u0259rd\u0259n biri olan GreenTech m&uuml;\u0259ssis\u0259sin\u0259 s\u0259f\u0259r ed\u0259r\u0259k, Birl\u0259\u015fmi\u015f Krall\u0131\u011f\u0131n Az\u0259rbaycanla dayan\u0131ql\u0131 inki\u015faf v\u0259 ya\u015f\u0131l texnologiyalar sah\u0259sind\u0259 \u0259m\u0259kda\u015fl\u0131\u011f\u0131 geni\u015fl\u0259ndirm\u0259k \u0259zmind\u0259 oldu\u011funu bir daha vur\u011fulay\u0131b.<\/strong><\/p>\n<p>S\u0259f\u0259r zaman\u0131 S\u0259fir Aulda Az\u0259rbaycan\u0131n k\u0259nd t\u0259s\u0259rr&uuml;fat\u0131, ya\u015f\u0131l enerji h\u0259ll\u0259ri v\u0259 dayan\u0131ql\u0131 texnologiyalar sah\u0259sind\u0259ki son nailiyy\u0259tl\u0259ri il\u0259 tan\u0131\u015f olmaq &uuml;&ccedil;&uuml;n yenilik&ccedil;i i\u015f adam\u0131 Tahir G&ouml;zel t\u0259r\u0259find\u0259n idar\u0259 olunan m&uuml;asir GreenTech m&uuml;\u0259ssis\u0259sin\u0259 geni\u015f bir tur t\u0259\u015fkil edilib. &nbsp;S\u0259fir Auld, GreenTech m&uuml;\u0259ssis\u0259sind\u0259 h\u0259yata ke&ccedil;iril\u0259n innovativ i\u015fl\u0259ri y&uuml;ks\u0259k qiym\u0259tl\u0259ndirib v\u0259 bel\u0259 t\u0259\u015f\u0259bb&uuml;sl\u0259rin iqlim d\u0259yi\u015fikliyi il\u0259 m&uuml;bariz\u0259d\u0259 v\u0259 davaml\u0131 iqtisadi art\u0131m\u0131 t\u0259\u015fviq etm\u0259kd\u0259 \u0259h\u0259miyy\u0259tini qeyd edib. &quot;GreenTech-d\u0259 \u0259ld\u0259 olunan nailiyy\u0259tl\u0259r h\u0259qiq\u0259t\u0259n valeh edicidir v\u0259 Az\u0259rbaycan\u0131n davaml\u0131 inki\u015fafa olan g&uuml;cl&uuml; ba\u011fl\u0131l\u0131\u011f\u0131n\u0131 n&uuml;mayi\u015f etdirir,&quot; dey\u0259 s\u0259fir Auld qeyd edib.<\/p>\n<p>APPG-nin (Birl\u0259\u015fmi\u015f Krall\u0131q Parlamentinin B&uuml;t&uuml;n Partiyalar &uuml;&ccedil;&uuml;n Az\u0259rbaycan Dostluq Qrupunun) Tahir G&ouml;zel t\u0259r\u0259find\u0259n t\u0259\u015fkili<br \/>\nTahir G&ouml;zel s\u0259f\u0259rd\u0259n m\u0259mnunlu\u011funu bildir\u0259r\u0259k, Birl\u0259\u015fmi\u015f Krall\u0131q v\u0259 Az\u0259rbaycan aras\u0131ndak\u0131 ortaq vizionun, birliyin qlobal ekoloji, texnoloji probleml\u0259r\u0259, el\u0259c\u0259 d\u0259 k\u0259nd t\u0259s\u0259rr&uuml;fat\u0131 sah\u0259sind\u0259 narahatl\u0131q yaradan m\u0259s\u0259l\u0259l\u0259r\u0259 h\u0259ll tapmaqda n\u0259 q\u0259d\u0259r vacib oldu\u011funu vur\u011fulay\u0131b. Az\u0259rbaycan\u0131n d&uuml;nyaya t&ouml;hf\u0259l\u0259rinin daha d\u0259rind\u0259n tan\u0131nmas\u0131 v\u0259 g&ouml;st\u0259rilm\u0259si &uuml;&ccedil;&uuml;n APPG-ni (Birl\u0259\u015fmi\u015f Krall\u0131q Parlamentinin B&uuml;t&uuml;n Partiyalar &uuml;&ccedil;&uuml;n Az\u0259rbaycan Dostluq Qrupunu) t\u0259\u015fkil etm\u0259k ist\u0259diyini, bu qrupun sponsoru olaraq &ccedil;\u0131x\u0131\u015f etm\u0259kd\u0259n b&ouml;y&uuml;k q&uuml;rur duyaca\u011f\u0131n\u0131 qeyd edib.<\/p>\n<p>APPG il\u0259 t\u0259\u015fkil edil\u0259c\u0259k t\u0259dbirl\u0259r\u0259 az\u0259rbaycanl\u0131 v\u0259 britaniyal\u0131 ziyal\u0131lar\u0131, biznes sah\u0259sind\u0259n bilin\u0259n \u015f\u0259xsl\u0259ri, elm xadiml\u0259rini v\u0259 inki\u015faf etmi\u015f &ouml;lk\u0259l\u0259rd\u0259 r\u0259\u011fb\u0259t qazanm\u0131\u015f aliml\u0259ri d\u0259v\u0259t ed\u0259r\u0259k t\u0259r\u0259fda\u015fl\u0131q ruhu il\u0259 fikir m&uuml;badil\u0259sin\u0259 \u015f\u0259rait yaradaca\u011f\u0131n\u0131 bildirdi. Tahir G&ouml;zelin fikirl\u0259rind\u0259n h\u0259y\u0259canland\u0131\u011f\u0131n\u0131 v\u0259 onu d\u0259st\u0259kl\u0259diyini qeyd ed\u0259n C\u0259nab S\u0259fir Auld APPG-nin (Birl\u0259\u015fmi\u015f Krall\u0131q Parlamentinin B&uuml;t&uuml;n Partiyalar &uuml;&ccedil;&uuml;n Az\u0259rbaycan Dostluq Qrupunu) t\u0259\u015fkilinin iki &ouml;lk\u0259nin dostluq \u0259laq\u0259l\u0259rinin inki\u015faf\u0131 &uuml;&ccedil;&uuml;n &ccedil;ox vacib oldu\u011funu dil\u0259 g\u0259tirdi.<\/p>\n<p>Bu s\u0259f\u0259r, Birl\u0259\u015fmi\u015f Krall\u0131q v\u0259 Az\u0259rbaycan aras\u0131ndak\u0131 ikit\u0259r\u0259fli m&uuml;nasib\u0259tl\u0259rin, x&uuml;sus\u0259n ya\u015f\u0131l texnologiya v\u0259 dayan\u0131ql\u0131 inki\u015faf sah\u0259sind\u0259 \u0259m\u0259kda\u015fl\u0131\u011f\u0131n g&uuml;cl\u0259ndirilm\u0259sind\u0259 m&uuml;h&uuml;m bir add\u0131md\u0131r. H\u0259r iki t\u0259r\u0259f, iki &ouml;lk\u0259y\u0259 fayda ver\u0259c\u0259k v\u0259 iqlim d\u0259yi\u015fikliyi il\u0259 m&uuml;bariz\u0259d\u0259 qlobal s\u0259yl\u0259r\u0259 t&ouml;hf\u0259 ver\u0259c\u0259k g\u0259l\u0259c\u0259k \u0259m\u0259kda\u015fl\u0131qlar &uuml;&ccedil;&uuml;n nikbin olduqlar\u0131n\u0131 bildiribl\u0259r.<\/p>\n","protected":false},"excerpt":{"rendered":"<p>Birl\u0259\u015fmi\u015f Krall\u0131\u011f\u0131n Az\u0259rbaycandak\u0131 s\u0259firi Fergus Auld Bak\u0131da Tahir G&ouml;zelin r\u0259hb\u0259rlik etdiyi Az\u0259rbaycan\u0131n m&uuml;asir istixana, k\u0259nd t\u0259s\u0259rr&uuml;fat\u0131 v\u0259 ya\u015f\u0131l texnologiya sektorunda qabaqc\u0131l yenilik&ccedil;il\u0259rd\u0259n biri olan GreenTech m&uuml;\u0259ssis\u0259sin\u0259 s\u0259f\u0259r ed\u0259r\u0259k, Birl\u0259\u015fmi\u015f Krall\u0131\u011f\u0131n&hellip;<\/p>\n","protected":false},"author":1,"featured_media":251278,"comment_status":"open","ping_status":"open","sticky":false,"template":"","format":"standard","meta":{"_lmt_disableupdate":"","_lmt_disable":"","footnotes":""},"categories":[101],"tags":[],"class_list":["post-207388","post","type-post","status-publish","format-standard","has-post-thumbnail","hentry","category-cemiyyet"],"_links":{"self":[{"href":"https:\/\/ucnoqta.az\/index.php?rest_route=\/wp\/v2\/posts\/207388","targetHints":{"allow":["GET"]}}],"collection":[{"href":"https:\/\/ucnoqta.az\/index.php?rest_route=\/wp\/v2\/posts"}],"about":[{"href":"https:\/\/ucnoqta.az\/index.php?rest_route=\/wp\/v2\/types\/post"}],"author":[{"embeddable":true,"href":"https:\/\/ucnoqta.az\/index.php?rest_route=\/wp\/v2\/users\/1"}],"replies":[{"embeddable":true,"href":"https:\/\/ucnoqta.az\/index.php?rest_route=%2Fwp%2Fv2%2Fcomments&post=207388"}],"version-history":[{"count":0,"href":"https:\/\/ucnoqta.az\/index.php?rest_route=\/wp\/v2\/posts\/207388\/revisions"}],"wp:featuredmedia":[{"embeddable":true,"href":"https:\/\/ucnoqta.az\/index.php?rest_route=\/wp\/v2\/media\/251278"}],"wp:attachment":[{"href":"https:\/\/ucnoqta.az\/index.php?rest_route=%2Fwp%2Fv2%2Fmedia&parent=207388"}],"wp:term":[{"taxonomy":"category","embeddable":true,"href":"https:\/\/ucnoqta.az\/index.php?rest_route=%2Fwp%2Fv2%2Fcategories&post=207388"},{"taxonomy":"post_tag","embeddable":true,"href":"https:\/\/ucnoqta.az\/index.php?rest_route=%2Fwp%2Fv2%2Ftags&post=207388"}],"curies":[{"name":"wp","href":"https:\/\/api.w.org\/{rel}","templated":true}]}}