{"id":207376,"date":"2024-08-14T08:52:21","date_gmt":"2024-08-14T04:52:21","guid":{"rendered":""},"modified":"-0001-11-30T00:00:00","modified_gmt":"-0001-11-29T20:00:00","slug":"","status":"publish","type":"post","link":"https:\/\/ucnoqta.az\/?p=207376","title":{"rendered":"Makqreqor 2025-ci il\u0259 q\u0259d\u0259r d\u00f6y\u00fc\u015fl\u0259r\u0259 qat\u0131lmayacaq"},"content":{"rendered":"<p><strong>\u0130ki &ccedil;\u0259ki d\u0259r\u0259c\u0259sind\u0259 Ultimate Fighting Championship (UFC) &ccedil;empionu olmu\u015f irlandiyal\u0131 Konor Makqreqor 2024-c&uuml; ild\u0259 d&ouml;y&uuml;\u015f\u0259 qay\u0131tmayacaq.<\/strong><\/p>\n<p>Ucnoqta.az x\u0259b\u0259r verir ki, bu bar\u0259d\u0259 promosyonun r\u0259hb\u0259ri Dana Uayt m\u0259lumat verib.<\/p>\n<p>&quot;Biz dan\u0131\u015fd\u0131q. McGregor d&ouml;y&uuml;\u015fm\u0259k ist\u0259yir, amma bu il d&ouml;y&uuml;\u015fm\u0259y\u0259c\u0259k&quot; &#8211; Uayt bildirib.<\/p>\n<p>\u0130yunun sonunda Makqreqor UFC 303-d\u0259 amerikal\u0131 Maykl &Ccedil;andlerl\u0259 d&ouml;y&uuml;\u015fm\u0259li idi. Lakin irlandiyal\u0131 d&ouml;y&uuml;\u015f\u0259 haz\u0131rl\u0131q zaman\u0131 aya\u011f\u0131n\u0131n barma\u011f\u0131n\u0131 s\u0131nd\u0131rd\u0131qdan sonra d&ouml;y&uuml;\u015f l\u0259\u011fv edilib.<\/p>\n","protected":false},"excerpt":{"rendered":"<p>\u0130ki &ccedil;\u0259ki d\u0259r\u0259c\u0259sind\u0259 Ultimate Fighting Championship (UFC) &ccedil;empionu olmu\u015f irlandiyal\u0131 Konor Makqreqor 2024-c&uuml; ild\u0259 d&ouml;y&uuml;\u015f\u0259 qay\u0131tmayacaq. Ucnoqta.az x\u0259b\u0259r verir ki, bu bar\u0259d\u0259 promosyonun r\u0259hb\u0259ri Dana Uayt m\u0259lumat verib. &quot;Biz dan\u0131\u015fd\u0131q.&hellip;<\/p>\n","protected":false},"author":1,"featured_media":251278,"comment_status":"open","ping_status":"open","sticky":false,"template":"","format":"standard","meta":{"_lmt_disableupdate":"","_lmt_disable":"","footnotes":""},"categories":[90],"tags":[],"class_list":["post-207376","post","type-post","status-publish","format-standard","has-post-thumbnail","hentry","category-idman-butun-xeberler"],"_links":{"self":[{"href":"https:\/\/ucnoqta.az\/index.php?rest_route=\/wp\/v2\/posts\/207376","targetHints":{"allow":["GET"]}}],"collection":[{"href":"https:\/\/ucnoqta.az\/index.php?rest_route=\/wp\/v2\/posts"}],"about":[{"href":"https:\/\/ucnoqta.az\/index.php?rest_route=\/wp\/v2\/types\/post"}],"author":[{"embeddable":true,"href":"https:\/\/ucnoqta.az\/index.php?rest_route=\/wp\/v2\/users\/1"}],"replies":[{"embeddable":true,"href":"https:\/\/ucnoqta.az\/index.php?rest_route=%2Fwp%2Fv2%2Fcomments&post=207376"}],"version-history":[{"count":0,"href":"https:\/\/ucnoqta.az\/index.php?rest_route=\/wp\/v2\/posts\/207376\/revisions"}],"wp:featuredmedia":[{"embeddable":true,"href":"https:\/\/ucnoqta.az\/index.php?rest_route=\/wp\/v2\/media\/251278"}],"wp:attachment":[{"href":"https:\/\/ucnoqta.az\/index.php?rest_route=%2Fwp%2Fv2%2Fmedia&parent=207376"}],"wp:term":[{"taxonomy":"category","embeddable":true,"href":"https:\/\/ucnoqta.az\/index.php?rest_route=%2Fwp%2Fv2%2Fcategories&post=207376"},{"taxonomy":"post_tag","embeddable":true,"href":"https:\/\/ucnoqta.az\/index.php?rest_route=%2Fwp%2Fv2%2Ftags&post=207376"}],"curies":[{"name":"wp","href":"https:\/\/api.w.org\/{rel}","templated":true}]}}