{"id":205008,"date":"2024-07-05T01:03:28","date_gmt":"2024-07-04T21:03:28","guid":{"rendered":""},"modified":"-0001-11-30T00:00:00","modified_gmt":"-0001-11-29T20:00:00","slug":"","status":"publish","type":"post","link":"https:\/\/ucnoqta.az\/?p=205008","title":{"rendered":"\u201cD\u00fcnyan\u0131n \u0259n g\u00f6z\u0259l idman\u00e7\u0131s\u0131\u201d fiquras\u0131n\u0131 n\u00fcmayi\u015f etdirdi"},"content":{"rendered":"<p><strong>2022-ci ild\u0259 &ldquo;Maxim&rdquo; jurnal\u0131 t\u0259r\u0259find\u0259n &ldquo;d&uuml;nyan\u0131n \u0259n g&ouml;z\u0259l idman&ccedil;\u0131s\u0131&rdquo; kimi tan\u0131nan amerikal\u0131 qolf&ccedil;u Peyc Spiranak s\u0259mimi fotolar payla\u015f\u0131b v\u0259 p\u0259r\u0259sti\u015fkarlar\u0131n\u0131 sevindirib.&nbsp;<\/strong><\/p>\n<p>Ucnoqta.az x\u0259b\u0259r verir ki, m&uuml;vafiq foto onun \u0130nstaqram s\u0259hif\u0259sind\u0259 yer al\u0131b.<br \/>\nYay\u0131mlanan fotolar\u0131n birind\u0259 31 ya\u015fl\u0131 qolf&ccedil;u d\u0259rin dekolteli qara dar k&ouml;yn\u0259kd\u0259 v\u0259 a\u011f mini-uzun \u0259t\u0259kd\u0259 poza verib. O, arxas\u0131n\u0131 kameraya &ccedil;evirib, \u0259ll\u0259rini ombas\u0131na qoyub, g&ouml;b\u0259yini a&ccedil;maq &uuml;&ccedil;&uuml;n paltar\u0131n\u0131n alt\u0131n\u0131 qald\u0131r\u0131b.<\/p>\n<p>P\u0259r\u0259sti\u015fkarlar\u0131 postun alt\u0131ndak\u0131 \u015f\u0259rhl\u0259rd\u0259 bu kadr\u0131 y&uuml;ks\u0259k qiym\u0259tl\u0259ndiribl\u0259r. &ldquo;&Ccedil;ox heyr\u0259tamiz&rdquo;, &ldquo;Fantastik qad\u0131n&rdquo;, &ldquo;M&ouml;ht\u0259\u015f\u0259m&rdquo;, &ldquo;Bu qad\u0131n nec\u0259 t\u0259nha ola bil\u0259r? O, g&ouml;z\u0259ldir&rdquo;, &ldquo;\u0130lah\u0259&rdquo; yaz\u0131blar.<\/p>\n","protected":false},"excerpt":{"rendered":"<p>2022-ci ild\u0259 &ldquo;Maxim&rdquo; jurnal\u0131 t\u0259r\u0259find\u0259n &ldquo;d&uuml;nyan\u0131n \u0259n g&ouml;z\u0259l idman&ccedil;\u0131s\u0131&rdquo; kimi tan\u0131nan amerikal\u0131 qolf&ccedil;u Peyc Spiranak s\u0259mimi fotolar payla\u015f\u0131b v\u0259 p\u0259r\u0259sti\u015fkarlar\u0131n\u0131 sevindirib.&nbsp; Ucnoqta.az x\u0259b\u0259r verir ki, m&uuml;vafiq foto onun \u0130nstaqram s\u0259hif\u0259sind\u0259&hellip;<\/p>\n","protected":false},"author":1,"featured_media":251278,"comment_status":"open","ping_status":"open","sticky":false,"template":"","format":"standard","meta":{"_lmt_disableupdate":"","_lmt_disable":"","footnotes":""},"categories":[92],"tags":[],"class_list":["post-205008","post","type-post","status-publish","format-standard","has-post-thumbnail","hentry","category-maqazin"],"_links":{"self":[{"href":"https:\/\/ucnoqta.az\/index.php?rest_route=\/wp\/v2\/posts\/205008","targetHints":{"allow":["GET"]}}],"collection":[{"href":"https:\/\/ucnoqta.az\/index.php?rest_route=\/wp\/v2\/posts"}],"about":[{"href":"https:\/\/ucnoqta.az\/index.php?rest_route=\/wp\/v2\/types\/post"}],"author":[{"embeddable":true,"href":"https:\/\/ucnoqta.az\/index.php?rest_route=\/wp\/v2\/users\/1"}],"replies":[{"embeddable":true,"href":"https:\/\/ucnoqta.az\/index.php?rest_route=%2Fwp%2Fv2%2Fcomments&post=205008"}],"version-history":[{"count":0,"href":"https:\/\/ucnoqta.az\/index.php?rest_route=\/wp\/v2\/posts\/205008\/revisions"}],"wp:featuredmedia":[{"embeddable":true,"href":"https:\/\/ucnoqta.az\/index.php?rest_route=\/wp\/v2\/media\/251278"}],"wp:attachment":[{"href":"https:\/\/ucnoqta.az\/index.php?rest_route=%2Fwp%2Fv2%2Fmedia&parent=205008"}],"wp:term":[{"taxonomy":"category","embeddable":true,"href":"https:\/\/ucnoqta.az\/index.php?rest_route=%2Fwp%2Fv2%2Fcategories&post=205008"},{"taxonomy":"post_tag","embeddable":true,"href":"https:\/\/ucnoqta.az\/index.php?rest_route=%2Fwp%2Fv2%2Ftags&post=205008"}],"curies":[{"name":"wp","href":"https:\/\/api.w.org\/{rel}","templated":true}]}}