{"id":205001,"date":"2024-07-04T20:53:44","date_gmt":"2024-07-04T16:53:44","guid":{"rendered":""},"modified":"-0001-11-30T00:00:00","modified_gmt":"-0001-11-29T20:00:00","slug":"","status":"publish","type":"post","link":"https:\/\/ucnoqta.az\/?p=205001","title":{"rendered":"Bak\u0131da q\u0131z atas\u0131n\u0131"},"content":{"rendered":"<p><strong>Bak\u0131n\u0131n Sabun&ccedil;u rayonunda evd\u0259 ail\u0259-m\u0259i\u015f\u0259t z\u0259minind\u0259 dava zaman\u0131 q\u0131z atas\u0131n\u0131 b\u0131&ccedil;aqlay\u0131b.<\/strong><\/p>\n<p>Demokrat.az-\u0131n \u0259ld\u0259 etdiyi m\u0259lumata g&ouml;r\u0259, Ma\u015fta\u011fa q\u0259s\u0259b\u0259sind\u0259 1987-ci il t\u0259v\u0259ll&uuml;dl&uuml; Elman Oqtay o\u011flu X\u0259lilovun q\u0131z\u0131 Anastasiya X\u0259lilova t\u0259r\u0259find\u0259n b\u0131&ccedil;aqland\u0131\u011f\u0131 &uuml;z\u0259 &ccedil;\u0131x\u0131b.<\/p>\n<p>Anastasiya X\u0259lilovan\u0131n bar\u0259sind\u0259 Cinay\u0259t M\u0259c\u0259ll\u0259sinin 126.2.3-c&uuml; (q\u0259sd\u0259n sa\u011flaml\u0131\u011fa a\u011f\u0131r z\u0259r\u0259r vurma &#8211; x&uuml;susi amans\u0131zl\u0131qla, o c&uuml;ml\u0259d\u0259n z\u0259r\u0259r&ccedil;\u0259kmi\u015f \u015f\u0259xs\u0259 a\u011f\u0131r iztirablar verm\u0259kl\u0259 v\u0259 ya sifari\u015fl\u0259, habel\u0259 t\u0259qsirkar &uuml;&ccedil;&uuml;n a\u015fkar sur\u0259td\u0259 k&ouml;m\u0259ksiz v\u0259ziyy\u0259td\u0259 olan \u015f\u0259xs\u0259 qar\u015f\u0131 t&ouml;r\u0259dildikd\u0259) madd\u0259si il\u0259 ittiham elan edilib.<\/p>\n<p>Anastasiya X\u0259lilovan\u0131n bar\u0259sind\u0259 olan cinay\u0259t i\u015fi bax\u0131lmas\u0131 &uuml;&ccedil;&uuml;n Bak\u0131 A\u011f\u0131r Cinay\u0259tl\u0259r M\u0259hk\u0259m\u0259sin\u0259 g&ouml;nd\u0259rilib. \u0130\u015f ara\u015fd\u0131r\u0131lmas\u0131 &uuml;&ccedil;&uuml;n hakim S\u0259bin\u0259 M\u0259mm\u0259dzad\u0259nin icraat\u0131na verilib.<\/p>\n<p>M\u0259hk\u0259m\u0259nin haz\u0131rl\u0131q iclas\u0131 iyulun 16-na t\u0259yin olunub.<\/p>\n","protected":false},"excerpt":{"rendered":"<p>Bak\u0131n\u0131n Sabun&ccedil;u rayonunda evd\u0259 ail\u0259-m\u0259i\u015f\u0259t z\u0259minind\u0259 dava zaman\u0131 q\u0131z atas\u0131n\u0131 b\u0131&ccedil;aqlay\u0131b. Demokrat.az-\u0131n \u0259ld\u0259 etdiyi m\u0259lumata g&ouml;r\u0259, Ma\u015fta\u011fa q\u0259s\u0259b\u0259sind\u0259 1987-ci il t\u0259v\u0259ll&uuml;dl&uuml; Elman Oqtay o\u011flu X\u0259lilovun q\u0131z\u0131 Anastasiya X\u0259lilova t\u0259r\u0259find\u0259n b\u0131&ccedil;aqland\u0131\u011f\u0131&hellip;<\/p>\n","protected":false},"author":1,"featured_media":251278,"comment_status":"open","ping_status":"open","sticky":false,"template":"","format":"standard","meta":{"_lmt_disableupdate":"","_lmt_disable":"","footnotes":""},"categories":[],"tags":[],"class_list":["post-205001","post","type-post","status-publish","format-standard","has-post-thumbnail","hentry"],"_links":{"self":[{"href":"https:\/\/ucnoqta.az\/index.php?rest_route=\/wp\/v2\/posts\/205001","targetHints":{"allow":["GET"]}}],"collection":[{"href":"https:\/\/ucnoqta.az\/index.php?rest_route=\/wp\/v2\/posts"}],"about":[{"href":"https:\/\/ucnoqta.az\/index.php?rest_route=\/wp\/v2\/types\/post"}],"author":[{"embeddable":true,"href":"https:\/\/ucnoqta.az\/index.php?rest_route=\/wp\/v2\/users\/1"}],"replies":[{"embeddable":true,"href":"https:\/\/ucnoqta.az\/index.php?rest_route=%2Fwp%2Fv2%2Fcomments&post=205001"}],"version-history":[{"count":0,"href":"https:\/\/ucnoqta.az\/index.php?rest_route=\/wp\/v2\/posts\/205001\/revisions"}],"wp:featuredmedia":[{"embeddable":true,"href":"https:\/\/ucnoqta.az\/index.php?rest_route=\/wp\/v2\/media\/251278"}],"wp:attachment":[{"href":"https:\/\/ucnoqta.az\/index.php?rest_route=%2Fwp%2Fv2%2Fmedia&parent=205001"}],"wp:term":[{"taxonomy":"category","embeddable":true,"href":"https:\/\/ucnoqta.az\/index.php?rest_route=%2Fwp%2Fv2%2Fcategories&post=205001"},{"taxonomy":"post_tag","embeddable":true,"href":"https:\/\/ucnoqta.az\/index.php?rest_route=%2Fwp%2Fv2%2Ftags&post=205001"}],"curies":[{"name":"wp","href":"https:\/\/api.w.org\/{rel}","templated":true}]}}