{"id":204998,"date":"2024-07-04T19:49:06","date_gmt":"2024-07-04T15:49:06","guid":{"rendered":""},"modified":"-0001-11-30T00:00:00","modified_gmt":"-0001-11-29T20:00:00","slug":"","status":"publish","type":"post","link":"https:\/\/ucnoqta.az\/?p=204998","title":{"rendered":"Kamran \u018fliyev \u0130raq\u0131n Ali M\u0259hk\u0259m\u0259sinin s\u0259dri v\u0259 Ba\u015f prokuroru il\u0259 g\u00f6r\u00fc\u015f\u00fcb"},"content":{"rendered":"<p><strong>\u0130yulun 4-d\u0259 Ba\u015f prokuror Kamran \u018fliyev &ouml;lk\u0259mizd\u0259 i\u015fg&uuml;zar s\u0259f\u0259rd\u0259 olan \u0130raq Respublikas\u0131 Ali M\u0259hk\u0259m\u0259 \u015euras\u0131n\u0131n s\u0259dri c\u0259nab Faiq Zidan v\u0259 D&ouml;vl\u0259t Prokurorlu\u011funun s\u0259dri Nacmu Abdullah \u018fhm\u0259d il\u0259 g&ouml;r&uuml;\u015f&uuml;b.<\/strong><\/p>\n<p>Ba\u015f Prokuroluqdan&nbsp;Ucnoqta.az-a veril\u0259n x\u0259b\u0259r\u0259 g&ouml;r\u0259, qonaqlar\u0131 salamlayan Ba\u015f prokuror geni\u015f t\u0259rkibli n&uuml;may\u0259nd\u0259 hey\u0259tinin &ouml;lk\u0259miz\u0259 s\u0259f\u0259rini Az\u0259rbaycanla \u0130raq aras\u0131nda h&uuml;quqi \u0259m\u0259kda\u015fl\u0131\u011f\u0131n u\u011furlu ba\u015flan\u011f\u0131c\u0131 kimi qiym\u0259tl\u0259ndirib.<\/p>\n<p>Kamran \u018fliyev h\u0259r iki d&ouml;vl\u0259tin prezidentl\u0259rinin birg\u0259 s\u0259yl\u0259ri, apard\u0131qlar\u0131 uzaqg&ouml;r\u0259n xarici siyas\u0259ti n\u0259tic\u0259sind\u0259 &ouml;lk\u0259l\u0259rimiz aras\u0131nda m&uuml;nasib\u0259tl\u0259rin dinamik \u015f\u0259kild\u0259 inki\u015faf etdiyini bildir\u0259r\u0259k, M&uuml;z\u0259ff\u0259r Ali Ba\u015f Komandan\u0131n r\u0259hb\u0259rliyi alt\u0131nda Az\u0259rbaycan\u0131n \u0259razi b&uuml;t&ouml;vl&uuml;y&uuml;n&uuml;n tam \u015f\u0259kild\u0259 b\u0259rpa olundu\u011fu, d&ouml;vl\u0259t ba\u015f&ccedil;\u0131s\u0131n\u0131n v\u0259 &ouml;lk\u0259mizin Birinci vitse-prezidenti Mehriban xan\u0131m \u018fliyevan\u0131n diqq\u0259t v\u0259 qay\u011f\u0131s\u0131 il\u0259 Qaraba\u011fda s&uuml;r\u0259tli b\u0259rpa v\u0259 quruculuq i\u015fl\u0259rinin apar\u0131ld\u0131\u011f\u0131 bar\u0259d\u0259 qonaqlar\u0131 m\u0259lumatland\u0131r\u0131b.<\/p>\n<p>Ba\u015f prokuror cari ilin 29 sentyabr &#8211; 2 oktyabr tarixl\u0259rind\u0259 Beyn\u0259lxalq Prokurorlar Assosiasiyas\u0131n\u0131n 29-cu illik konfrans\u0131 v\u0259 &uuml;mumi y\u0131\u011f\u0131nca\u011f\u0131n\u0131n &ouml;lk\u0259mizd\u0259 ke&ccedil;iril\u0259c\u0259yini bildir\u0259r\u0259k iraql\u0131 h\u0259mkarlar\u0131n\u0131 t\u0259dbird\u0259 i\u015ftiraka d\u0259v\u0259t edib.<\/p>\n<p>Kamran \u018fliyev d&uuml;nyan\u0131n \u0259n m&ouml;t\u0259b\u0259r beyn\u0259lxalq t\u0259dbirl\u0259rind\u0259n biri olan BMT-nin \u0130qlim D\u0259yi\u015fikliyi &uuml;zr\u0259 &Ccedil;\u0259r&ccedil;iv\u0259 Konvensiyas\u0131n\u0131n T\u0259r\u0259fl\u0259r Konfrans\u0131n\u0131n 29-cu sessiyas\u0131n\u0131n &#8211; COP29-un &ouml;lk\u0259mizd\u0259 ke&ccedil;irilm\u0259sinin d&uuml;nya &ouml;lk\u0259l\u0259rinin n&ouml;vb\u0259ti d\u0259f\u0259 Az\u0259rbaycana olan b&ouml;y&uuml;k etimad v\u0259 h&ouml;rm\u0259tinin, o c&uuml;ml\u0259d\u0259n &ouml;lk\u0259mizin d&uuml;nya miqyas\u0131nda artan n&uuml;fuzu v\u0259 g&uuml;cl&uuml; m&ouml;vqel\u0259rinin g&ouml;st\u0259ricisi oldu\u011funu x&uuml;susil\u0259 vur\u011fulay\u0131b.<\/p>\n<p>S\u0259mimi q\u0259bula g&ouml;r\u0259 t\u0259\u015f\u0259kk&uuml;r&uuml;n&uuml; ifad\u0259 ed\u0259n Faiq Zidan iki &ouml;lk\u0259 aras\u0131nda m&uuml;nasib\u0259tl\u0259rin inki\u015faf etdirilm\u0259sinin z\u0259ruriliyini vur\u011fulayaraq, h&uuml;quq-m&uuml;hafiz\u0259 orqanlar\u0131 aras\u0131nda cinay\u0259tkarl\u0131\u011fa, x&uuml;susil\u0259 d\u0259 terror&ccedil;uluqla m&uuml;bariz\u0259 sah\u0259sind\u0259 qar\u015f\u0131l\u0131ql\u0131 s\u0259m\u0259r\u0259li \u0259m\u0259kda\u015fl\u0131\u011f\u0131n apar\u0131lmas\u0131n\u0131n vacibliyini ifad\u0259 edib.<\/p>\n<p>T\u0259r\u0259fl\u0259r \u0259laq\u0259l\u0259rin m&ouml;hk\u0259ml\u0259ndirilm\u0259si istiqam\u0259tind\u0259 m&uuml;qavil\u0259 h&uuml;quq bazas\u0131n\u0131n geni\u015fl\u0259ndirilm\u0259sini m&uuml;zakir\u0259 edibl\u0259r.<\/p>\n<p>G&ouml;r&uuml;\u015fd\u0259 \u0130raq Respublikas\u0131n\u0131n &ouml;lk\u0259mizd\u0259ki s\u0259firliyinin m&uuml;v\u0259qq\u0259ti i\u015fl\u0259r v\u0259kili Maki Resan Abdulla \u018fl-Mamori d\u0259 i\u015ftirak edib.<\/p>\n","protected":false},"excerpt":{"rendered":"<p>\u0130yulun 4-d\u0259 Ba\u015f prokuror Kamran \u018fliyev &ouml;lk\u0259mizd\u0259 i\u015fg&uuml;zar s\u0259f\u0259rd\u0259 olan \u0130raq Respublikas\u0131 Ali M\u0259hk\u0259m\u0259 \u015euras\u0131n\u0131n s\u0259dri c\u0259nab Faiq Zidan v\u0259 D&ouml;vl\u0259t Prokurorlu\u011funun s\u0259dri Nacmu Abdullah \u018fhm\u0259d il\u0259 g&ouml;r&uuml;\u015f&uuml;b. Ba\u015f Prokuroluqdan&nbsp;Ucnoqta.az-a&hellip;<\/p>\n","protected":false},"author":1,"featured_media":251278,"comment_status":"open","ping_status":"open","sticky":false,"template":"","format":"standard","meta":{"_lmt_disableupdate":"","_lmt_disable":"","footnotes":""},"categories":[],"tags":[],"class_list":["post-204998","post","type-post","status-publish","format-standard","has-post-thumbnail","hentry"],"_links":{"self":[{"href":"https:\/\/ucnoqta.az\/index.php?rest_route=\/wp\/v2\/posts\/204998","targetHints":{"allow":["GET"]}}],"collection":[{"href":"https:\/\/ucnoqta.az\/index.php?rest_route=\/wp\/v2\/posts"}],"about":[{"href":"https:\/\/ucnoqta.az\/index.php?rest_route=\/wp\/v2\/types\/post"}],"author":[{"embeddable":true,"href":"https:\/\/ucnoqta.az\/index.php?rest_route=\/wp\/v2\/users\/1"}],"replies":[{"embeddable":true,"href":"https:\/\/ucnoqta.az\/index.php?rest_route=%2Fwp%2Fv2%2Fcomments&post=204998"}],"version-history":[{"count":0,"href":"https:\/\/ucnoqta.az\/index.php?rest_route=\/wp\/v2\/posts\/204998\/revisions"}],"wp:featuredmedia":[{"embeddable":true,"href":"https:\/\/ucnoqta.az\/index.php?rest_route=\/wp\/v2\/media\/251278"}],"wp:attachment":[{"href":"https:\/\/ucnoqta.az\/index.php?rest_route=%2Fwp%2Fv2%2Fmedia&parent=204998"}],"wp:term":[{"taxonomy":"category","embeddable":true,"href":"https:\/\/ucnoqta.az\/index.php?rest_route=%2Fwp%2Fv2%2Fcategories&post=204998"},{"taxonomy":"post_tag","embeddable":true,"href":"https:\/\/ucnoqta.az\/index.php?rest_route=%2Fwp%2Fv2%2Ftags&post=204998"}],"curies":[{"name":"wp","href":"https:\/\/api.w.org\/{rel}","templated":true}]}}