{"id":204986,"date":"2024-07-04T15:11:37","date_gmt":"2024-07-04T11:11:37","guid":{"rendered":""},"modified":"-0001-11-30T00:00:00","modified_gmt":"-0001-11-29T20:00:00","slug":"","status":"publish","type":"post","link":"https:\/\/ucnoqta.az\/?p=204986","title":{"rendered":"Az\u0259rbaycanda iki general ehtiyata burax\u0131ld\u0131"},"content":{"rendered":"<p><strong>M&uuml;dafi\u0259 Nazirliyinin Ba\u015f H\u0259rbi \u0130nspeksiyas\u0131n\u0131n r\u0259isi general-leytenant Zakir A\u011fayev il\u0259 Rabit\u0259, \u0130nformasiya Texnologiyalar\u0131 v\u0259 Kibert\u0259hl&uuml;k\u0259sizlik Ba\u015f \u0130dar\u0259sinin r\u0259isi general-mayor M\u0259mm\u0259d Eminov v\u0259zif\u0259l\u0259rind\u0259n azad edilibl\u0259r.<\/strong><\/p>\n<p>&ldquo;Qafqazinfo&rdquo;nun \u0259ld\u0259 etdiyi m\u0259lumata g&ouml;r\u0259, bu bar\u0259d\u0259 m&uuml;vafiq s\u0259r\u0259ncam imzalan\u0131b.<\/p>\n<p>Generallar A\u011fayev v\u0259 Eminov ehtiyata burax\u0131l\u0131blar.<\/p>\n<p>M\u0259lumat\u0131 M&uuml;dafi\u0259 Nazirliyind\u0259n sayt\u0131m\u0131za t\u0259sdiql\u0259yibl\u0259r.&nbsp;Bildirilib ki, Az\u0259rbaycan Prezidentinin m&uuml;vafiq S\u0259r\u0259ncam\u0131 il\u0259 M&uuml;dafi\u0259 Nazirliyinin Ba\u015f H\u0259rbi \u0130nspeksiyas\u0131n\u0131n r\u0259isi general-leytenant Zakir A\u011fayev il\u0259 Rabit\u0259, \u0130nformasiya Texnologiyalar\u0131 v\u0259 Kibert\u0259hl&uuml;k\u0259sizlik Ba\u015f \u0130dar\u0259sinin r\u0259isi general-mayor M\u0259mm\u0259d Eminov &ouml;z arzular\u0131 il\u0259 ehtiyata burax\u0131l\u0131blar.<\/p>\n<p>&ldquo;Az\u0259rbaycan bayra\u011f\u0131&rdquo; ordeni il\u0259 t\u0259ltif edilmi\u015f Zakir A\u011fayev\u0259 2022-ci ild\u0259 Prezident \u0130lham \u018fliyevin s\u0259r\u0259ncam\u0131 il\u0259 general-leytenant r&uuml;tb\u0259si verilmi\u015fdi.<\/p>\n","protected":false},"excerpt":{"rendered":"<p>M&uuml;dafi\u0259 Nazirliyinin Ba\u015f H\u0259rbi \u0130nspeksiyas\u0131n\u0131n r\u0259isi general-leytenant Zakir A\u011fayev il\u0259 Rabit\u0259, \u0130nformasiya Texnologiyalar\u0131 v\u0259 Kibert\u0259hl&uuml;k\u0259sizlik Ba\u015f \u0130dar\u0259sinin r\u0259isi general-mayor M\u0259mm\u0259d Eminov v\u0259zif\u0259l\u0259rind\u0259n azad edilibl\u0259r. &ldquo;Qafqazinfo&rdquo;nun \u0259ld\u0259 etdiyi m\u0259lumata g&ouml;r\u0259, bu&hellip;<\/p>\n","protected":false},"author":1,"featured_media":251278,"comment_status":"open","ping_status":"open","sticky":false,"template":"","format":"standard","meta":{"_lmt_disableupdate":"","_lmt_disable":"","footnotes":""},"categories":[],"tags":[],"class_list":["post-204986","post","type-post","status-publish","format-standard","has-post-thumbnail","hentry"],"_links":{"self":[{"href":"https:\/\/ucnoqta.az\/index.php?rest_route=\/wp\/v2\/posts\/204986","targetHints":{"allow":["GET"]}}],"collection":[{"href":"https:\/\/ucnoqta.az\/index.php?rest_route=\/wp\/v2\/posts"}],"about":[{"href":"https:\/\/ucnoqta.az\/index.php?rest_route=\/wp\/v2\/types\/post"}],"author":[{"embeddable":true,"href":"https:\/\/ucnoqta.az\/index.php?rest_route=\/wp\/v2\/users\/1"}],"replies":[{"embeddable":true,"href":"https:\/\/ucnoqta.az\/index.php?rest_route=%2Fwp%2Fv2%2Fcomments&post=204986"}],"version-history":[{"count":0,"href":"https:\/\/ucnoqta.az\/index.php?rest_route=\/wp\/v2\/posts\/204986\/revisions"}],"wp:featuredmedia":[{"embeddable":true,"href":"https:\/\/ucnoqta.az\/index.php?rest_route=\/wp\/v2\/media\/251278"}],"wp:attachment":[{"href":"https:\/\/ucnoqta.az\/index.php?rest_route=%2Fwp%2Fv2%2Fmedia&parent=204986"}],"wp:term":[{"taxonomy":"category","embeddable":true,"href":"https:\/\/ucnoqta.az\/index.php?rest_route=%2Fwp%2Fv2%2Fcategories&post=204986"},{"taxonomy":"post_tag","embeddable":true,"href":"https:\/\/ucnoqta.az\/index.php?rest_route=%2Fwp%2Fv2%2Ftags&post=204986"}],"curies":[{"name":"wp","href":"https:\/\/api.w.org\/{rel}","templated":true}]}}