{"id":204976,"date":"2024-07-04T13:07:09","date_gmt":"2024-07-04T09:07:09","guid":{"rendered":""},"modified":"-0001-11-30T00:00:00","modified_gmt":"-0001-11-29T20:00:00","slug":"","status":"publish","type":"post","link":"https:\/\/ucnoqta.az\/?p=204976","title":{"rendered":"M\u0259kt\u0259blil\u0259rin qida t\u0259hl\u00fck\u0259sizliyi bar\u0259d\u0259 maarifl\u0259ndirilm\u0259si layih\u0259si ba\u015fa \u00e7at\u0131b &#8211;"},"content":{"rendered":"<p><strong>&ldquo;T\u0259hsil\u0259 D\u0259st\u0259k v\u0259 Maarifl\u0259ndirm\u0259&rdquo; \u0130ctimai Birliyi Az\u0259rbaycan Respublikas\u0131n\u0131n Qeyri-H&ouml;kum\u0259t T\u0259\u015fkilatlar\u0131na D&ouml;vl\u0259t D\u0259st\u0259yi Agentliyinin maliyy\u0259 d\u0259st\u0259yi il\u0259 &ldquo;&Uuml;mumi t\u0259hsil m&uuml;\u0259ssis\u0259l\u0259rind\u0259 t\u0259hsil alanlar\u0131n qida t\u0259hl&uuml;k\u0259sizliyi bar\u0259d\u0259 maarifl\u0259ndirilm\u0259si&rdquo; adl\u0131 layih\u0259nin icras\u0131n\u0131 yekunla\u015fd\u0131r\u0131b.<\/strong><\/p>\n<p>Bu m\u0259qs\u0259dl\u0259 iyulun 3-d\u0259 \u0130ctimai Birlik hesabat xarakterli t\u0259dbir ke&ccedil;irib. Az\u0259rbaycan v\u0259t\u0259nda\u015f c\u0259miyy\u0259tinin n&uuml;may\u0259nd\u0259l\u0259ri, ekspertl\u0259r, media t\u0259msi&ccedil;il\u0259ri, t\u0259hsil i\u015f&ccedil;il\u0259rinin i\u015ftirak\u0131 il\u0259 ke&ccedil;iril\u0259n g&ouml;r&uuml;\u015fd\u0259 &ccedil;\u0131x\u0131\u015f ed\u0259n &ldquo;T\u0259hsil\u0259 D\u0259st\u0259k v\u0259 Maarifl\u0259ndirm\u0259&rdquo; \u0130ctimai Birliyinin s\u0259dri S&uuml;leyman \u0130smay\u0131lb\u0259yli deyib ki, Az\u0259rbaycan Respublikas\u0131n\u0131n Qeyri-H&ouml;kum\u0259t T\u0259\u015fkilatlar\u0131na D&ouml;vl\u0259t D\u0259st\u0259yi Agentliyinin maliyy\u0259 d\u0259st\u0259yi il\u0259 3 ay boyunca (1 may-31 iyul 2024-c&uuml; il) h\u0259yata ke&ccedil;iril\u0259n &ldquo;&Uuml;mumi t\u0259hsil m&uuml;\u0259ssis\u0259l\u0259rind\u0259 t\u0259hsil alanlar\u0131n qida t\u0259hl&uuml;k\u0259sizliyi bar\u0259d\u0259 maarifl\u0259ndirilm\u0259si&rdquo; adl\u0131 layih\u0259 &ccedil;\u0259r&ccedil;iv\u0259sind\u0259 paytaxtdak\u0131 3 &uuml;mumt\u0259hsil m&uuml;\u0259ssis\u0259sind\u0259 t\u0259hsil alanlarla qida t\u0259hl&uuml;k\u0259sizliyi il\u0259 ba\u011fl\u0131 maarifl\u0259ndirici xarakter da\u015f\u0131yan g&ouml;r&uuml;\u015f ke&ccedil;irib.<\/p>\n<p><img decoding=\"async\" alt=\"\" src=\"https:\/\/newscenter.az\/uploads\/posts\/2024-07\/hl-45335200373.jpg\" \/><\/p>\n<p>\nBak\u0131n\u0131n 64, 93 v\u0259 210 sayl\u0131 m\u0259kt\u0259bind\u0259 ba\u015f tutan g&ouml;r&uuml;\u015fl\u0259rd\u0259 &uuml;mumilikd\u0259 500-\u0259 yax\u0131n \u015fagirdin i\u015ftirak etdiyini v\u0259 onlar\u0131n sa\u011flam qidalanma il\u0259 ba\u011fl\u0131 maarifl\u0259ndirildiyini diqq\u0259t\u0259 &ccedil;atd\u0131ran S&uuml;leyman \u0130smay\u0131lb\u0259yli, eyni zamanda t\u0259dbirl\u0259r zaman\u0131 \u015fagirdl\u0259r\u0259 sa\u011flam qidalanma il\u0259 ba\u011fl\u0131 haz\u0131rlanm\u0131\u015f &ccedil;ap m\u0259hsullar\u0131, bukletl\u0259rin paylan\u0131ld\u0131\u011f\u0131n\u0131 diqq\u0259t\u0259 &ccedil;atd\u0131r\u0131b. \u0130ctimai Birlik s\u0259dri g\u0259l\u0259c\u0259kd\u0259 d\u0259 r\u0259hb\u0259rlik etdiyi t\u0259\u015fkilat\u0131n bu istiqam\u0259td\u0259 maarifl\u0259ndirici xarakter da\u015f\u0131yan t\u0259dbirl\u0259r ke&ccedil;ir\u0259c\u0259yini diqq\u0259t\u0259 &ccedil;atd\u0131r\u0131b.<\/p>\n<p><img decoding=\"async\" alt=\"\" src=\"https:\/\/newscenter.az\/uploads\/posts\/2024-07\/hl-45335200381.jpg\" \/><\/p>\n<p>\nSonra &ccedil;\u0131x\u0131\u015f ed\u0259n t\u0259lim&ccedil;i Ruhiyy\u0259 Mehdiyeva \u0130ctimai Birliyin h\u0259yata ke&ccedil;irdiyi layih\u0259 &ccedil;\u0259r&ccedil;iv\u0259sind\u0259 t\u0259hsil alanlarla ke&ccedil;iril\u0259n g&ouml;r&uuml;\u015fl\u0259rin \u0259h\u0259miyy\u0259ti bar\u0259d\u0259 dan\u0131\u015f\u0131b. Bildirib ki, g&ouml;r&uuml;\u015fl\u0259r &ccedil;\u0259r&ccedil;iv\u0259sind\u0259 \u015fagirdl\u0259rl\u0259 f\u0259rdi qaydada s&ouml;hb\u0259tl\u0259r apar\u0131l\u0131b, onlar\u0131n sa\u011flam qidalanmaya n\u0259 d\u0259r\u0259c\u0259d\u0259 &uuml;st&uuml;nl&uuml;k verdikl\u0259ri &ouml;yr\u0259nilib.<\/p>\n<p><img decoding=\"async\" alt=\"\" src=\"https:\/\/newscenter.az\/uploads\/posts\/2024-07\/hl-45335200391.jpg\" \/><\/p>\n<p>\nSonra &ccedil;\u0131x\u0131\u015f ed\u0259n sa\u011flam qidalanma &uuml;zr\u0259 ekspert M\u0259hs\u0259ti H&uuml;seynova Az\u0259rbaycan Respublikas\u0131n\u0131n Qeyri-H&ouml;kum\u0259t T\u0259\u015fkilatlar\u0131na D&ouml;vl\u0259t D\u0259st\u0259yi Agentliyin\u0259 bel\u0259 bir layih\u0259ni maaliy\u0259l\u0259\u015fdirdiyi &uuml;&ccedil;&uuml;n t\u0259\u015f\u0259kk&uuml;r edib. Sa\u011flam qidalanman\u0131n g&uuml;n&uuml;m&uuml;zd\u0259 &ccedil;ox vacib oldu\u011funu diqq\u0259t\u0259 &ccedil;atd\u0131ran M\u0259hs\u0259ti H&uuml;seynova x&uuml;susil\u0259 orta m\u0259kt\u0259bl\u0259rd\u0259 bu istiqam\u0259td\u0259 maarifl\u0259ndirici xarakter da\u015f\u0131yan t\u0259dbirl\u0259rin, g&ouml;r&uuml;\u015fl\u0259rin ke&ccedil;irilm\u0259sinin vacibliyind\u0259n dan\u0131\u015f\u0131b. O bildirib ki, kimliyind\u0259n as\u0131l\u0131 olmayaraq h\u0259r bir v\u0259t\u0259nda\u015f yediyi, i&ccedil;diyi m\u0259hsulun n\u0259 q\u0259d\u0259r sa\u011flam, orqanizm &uuml;&ccedil;&uuml;n z\u0259r\u0259rli olub-olmad\u0131\u011f\u0131n\u0131n f\u0259rqin\u0259 varmal\u0131d\u0131r.<\/p>\n<p><img decoding=\"async\" alt=\"\" src=\"https:\/\/newscenter.az\/uploads\/posts\/2024-07\/hl-45335200410.jpg\" \/><\/p>\n<p>\n&ldquo;Minadan Z\u0259r\u0259r&ccedil;\u0259k\u0259nl\u0259rin Assosiasiyas\u0131&rdquo; \u0130ctimai Birliyinin s\u0259dri, &ldquo;QAZ\u0130LER.AZ&rdquo; sayt\u0131n\u0131n ba\u015f redaktoru, qazi Rey K\u0259rimo\u011flu da layih\u0259nin \u0259h\u0259miyy\u0259tind\u0259n dan\u0131\u015f\u0131b. Bildirib ki, qida t\u0259hl&uuml;k\u0259sizliyi &ouml;lk\u0259nin t\u0259hl&uuml;k\u0259sizliyi q\u0259d\u0259r vacib bir m\u0259s\u0259l\u0259dir. Rey K\u0259rimo\u011flu bu tipli layih\u0259l\u0259rin davaml\u0131 olmas\u0131n\u0131 arzulay\u0131b.<\/p>\n<p><img decoding=\"async\" alt=\"\" src=\"https:\/\/newscenter.az\/uploads\/posts\/2024-07\/hl-45335200431.jpg\" \/><\/p>\n<p>\nDiaspor F\u0259aliyy\u0259tin\u0259 Jurnalistl\u0259rin D\u0259st\u0259yi \u0130ctimai Birliyinin s\u0259dri Fuad H&uuml;seynzad\u0259 &uuml;mumt\u0259hsil m&uuml;\u0259ssis\u0259l\u0259rind\u0259 m\u0259kt\u0259b bufetl\u0259rin\u0259 x&uuml;susi n\u0259zar\u0259tin h\u0259yata ke&ccedil;irilm\u0259sinin vacibliyind\u0259n dan\u0131\u015f\u0131b. Bildirib ki, bu istiqam\u0259td\u0259 t\u0259hsil sektoruna cavabdeh olan m&uuml;vafiq qurumlarla i\u015f aparmaq daha faydal\u0131 olar.<\/p>\n<p><img decoding=\"async\" alt=\"\" src=\"https:\/\/newscenter.az\/uploads\/posts\/2024-07\/hl-45335200399.jpg\" \/><\/p>\n<p>\nH&uuml;quq\u015f&uuml;nas Alim H&uuml;seynli qida m\u0259hsullar\u0131 &uuml;z\u0259rind\u0259 onun t\u0259rkibini istehlak&ccedil;\u0131ya &ccedil;atd\u0131ran m\u0259lumatlar\u0131n daha sad\u0259 dild\u0259 yaz\u0131lmas\u0131n\u0131n t\u0259r\u0259fdar\u0131 oldu\u011funu vur\u011fulay\u0131b. H\u0259m&ccedil;inin, o qeyd edib ki, qida t\u0259hl&uuml;k\u0259sizliyi il\u0259 ba\u011fl\u0131 valideynl\u0259rl\u0259 d\u0259 i\u015f aparmaq laz\u0131md\u0131r. &Ccedil;&uuml;nki valideyn &ouml;vlad\u0131na n\u0259l\u0259rin, hans\u0131 qida m\u0259hsullar\u0131n\u0131n ziyanl\u0131 oldu\u011funu daha yax\u015f\u0131 bilir v\u0259 bu s\u0259b\u0259bd\u0259n m\u0259kt\u0259b bufetl\u0259rin\u0259 qida vasit\u0259l\u0259ri al\u0131nark\u0259n bu m\u0259s\u0259l\u0259 d\u0259 diqq\u0259td\u0259 saxlan\u0131lmal\u0131d\u0131r.<\/p>\n<p><img decoding=\"async\" alt=\"\" src=\"https:\/\/newscenter.az\/uploads\/posts\/2024-07\/hl-45335200437.jpg\" \/><\/p>\n<p>\nT\u0259hsil ictimaiyy\u0259tinin n&uuml;may\u0259nd\u0259l\u0259ri, Nigar Bayramova, Sevinc Quliyeva v\u0259 dig\u0259r natiql\u0259r d\u0259 layih\u0259nin \u0259h\u0259miyy\u0259tind\u0259n, sa\u011flam qidalanman\u0131n vacibliyind\u0259n dan\u0131\u015f\u0131blar.<\/p>\n<p><img decoding=\"async\" alt=\"\" src=\"https:\/\/newscenter.az\/uploads\/posts\/2024-07\/hl-45335200393.jpg\" \/><\/p>\n<p>\nSonda sa\u011flam qidalanma &uuml;zr\u0259 ekspert Asim V\u0259liyev &ccedil;\u0131x\u0131\u015f sa\u011flam qidalanman\u0131n q\u0131z\u0131l qaydalar\u0131 bar\u0259d\u0259 t\u0259dbir i\u015ftirak&ccedil;\u0131lar\u0131n\u0131n m\u0259lumatland\u0131r\u0131b. Bildirib ki, istehlak&ccedil;\u0131 h\u0259r hans\u0131 bir m\u0259hsul alark\u0259n ancaq onun istifad\u0259 m&uuml;dd\u0259ti, yararl\u0131l\u0131q tarixin\u0259 diqq\u0259t etm\u0259m\u0259lidir. Eyni zamanda onun t\u0259rkibi, saxlanma \u015f\u0259raitini d\u0259 n\u0259z\u0259r\u0259 almal\u0131d\u0131r.<br \/>\nG&ouml;r&uuml;\u015f m&uuml;zakir\u0259l\u0259rl\u0259 davam edib.<\/p>\n<p><img decoding=\"async\" alt=\"\" src=\"https:\/\/newscenter.az\/uploads\/posts\/2024-07\/hl-45335200397.jpg\" \/><\/p>\n<p>&nbsp;<\/p>\n<p><img decoding=\"async\" alt=\"\" src=\"https:\/\/newscenter.az\/uploads\/posts\/2024-07\/1720078362_hl-45335200377.jpg\" \/><\/p>\n","protected":false},"excerpt":{"rendered":"<p>&ldquo;T\u0259hsil\u0259 D\u0259st\u0259k v\u0259 Maarifl\u0259ndirm\u0259&rdquo; \u0130ctimai Birliyi Az\u0259rbaycan Respublikas\u0131n\u0131n Qeyri-H&ouml;kum\u0259t T\u0259\u015fkilatlar\u0131na D&ouml;vl\u0259t D\u0259st\u0259yi Agentliyinin maliyy\u0259 d\u0259st\u0259yi il\u0259 &ldquo;&Uuml;mumi t\u0259hsil m&uuml;\u0259ssis\u0259l\u0259rind\u0259 t\u0259hsil alanlar\u0131n qida t\u0259hl&uuml;k\u0259sizliyi bar\u0259d\u0259 maarifl\u0259ndirilm\u0259si&rdquo; adl\u0131 layih\u0259nin icras\u0131n\u0131 yekunla\u015fd\u0131r\u0131b. Bu&hellip;<\/p>\n","protected":false},"author":1,"featured_media":251278,"comment_status":"open","ping_status":"open","sticky":false,"template":"","format":"standard","meta":{"_lmt_disableupdate":"","_lmt_disable":"","footnotes":""},"categories":[101],"tags":[],"class_list":["post-204976","post","type-post","status-publish","format-standard","has-post-thumbnail","hentry","category-cemiyyet"],"_links":{"self":[{"href":"https:\/\/ucnoqta.az\/index.php?rest_route=\/wp\/v2\/posts\/204976","targetHints":{"allow":["GET"]}}],"collection":[{"href":"https:\/\/ucnoqta.az\/index.php?rest_route=\/wp\/v2\/posts"}],"about":[{"href":"https:\/\/ucnoqta.az\/index.php?rest_route=\/wp\/v2\/types\/post"}],"author":[{"embeddable":true,"href":"https:\/\/ucnoqta.az\/index.php?rest_route=\/wp\/v2\/users\/1"}],"replies":[{"embeddable":true,"href":"https:\/\/ucnoqta.az\/index.php?rest_route=%2Fwp%2Fv2%2Fcomments&post=204976"}],"version-history":[{"count":0,"href":"https:\/\/ucnoqta.az\/index.php?rest_route=\/wp\/v2\/posts\/204976\/revisions"}],"wp:featuredmedia":[{"embeddable":true,"href":"https:\/\/ucnoqta.az\/index.php?rest_route=\/wp\/v2\/media\/251278"}],"wp:attachment":[{"href":"https:\/\/ucnoqta.az\/index.php?rest_route=%2Fwp%2Fv2%2Fmedia&parent=204976"}],"wp:term":[{"taxonomy":"category","embeddable":true,"href":"https:\/\/ucnoqta.az\/index.php?rest_route=%2Fwp%2Fv2%2Fcategories&post=204976"},{"taxonomy":"post_tag","embeddable":true,"href":"https:\/\/ucnoqta.az\/index.php?rest_route=%2Fwp%2Fv2%2Ftags&post=204976"}],"curies":[{"name":"wp","href":"https:\/\/api.w.org\/{rel}","templated":true}]}}