{"id":204963,"date":"2024-07-04T11:07:17","date_gmt":"2024-07-04T07:07:17","guid":{"rendered":""},"modified":"-0001-11-30T00:00:00","modified_gmt":"-0001-11-29T20:00:00","slug":"","status":"publish","type":"post","link":"https:\/\/ucnoqta.az\/?p=204963","title":{"rendered":"\u0130lham \u018fliyev Cozef Baydeni t\u0259brik edib"},"content":{"rendered":"<p><strong>Prezident \u0130lham \u018fliyev Amerika Birl\u0259\u015fmi\u015f \u015etatlar\u0131n\u0131n Prezidenti Cozef Bayden\u0259 t\u0259brik m\u0259ktubu g&ouml;nd\u0259rib.<\/strong><\/p>\n<p>Ucnoqta.az x\u0259b\u0259r verir ki, m\u0259ktubda deyilir:<\/p>\n<p>&quot;H&ouml;rm\u0259tli c\u0259nab Prezident,<\/p>\n<p>4 \u0130yul &ndash; M&uuml;st\u0259qillik G&uuml;n&uuml; m&uuml;nasib\u0259til\u0259 Siz\u0259 v\u0259 Sizin siman\u0131zda dost Amerika xalq\u0131na &ouml;z ad\u0131mdan v\u0259 Az\u0259rbaycan xalq\u0131 ad\u0131ndan \u0259n s\u0259mimi t\u0259brikl\u0259rimi v\u0259 xo\u015f arzular\u0131m\u0131 &ccedil;atd\u0131rmaqdan m\u0259mnunluq duyuram.<\/p>\n<p>Az\u0259rbaycan Amerika Birl\u0259\u015fmi\u015f \u015etatlar\u0131 il\u0259 m&uuml;nasib\u0259tl\u0259rin\u0259 x&uuml;susi \u0259h\u0259miyy\u0259t verir. &Ouml;lk\u0259l\u0259rimiz m&uuml;r\u0259kk\u0259b regional &ccedil;a\u011f\u0131r\u0131\u015flar\u0131n h\u0259lli istiqam\u0259tind\u0259, terrorizm\u0259 qar\u015f\u0131 m&uuml;bariz\u0259 v\u0259 beyn\u0259lxalq t\u0259hl&uuml;k\u0259sizlik m\u0259s\u0259l\u0259l\u0259rind\u0259 h\u0259r zaman yax\u0131ndan \u0259m\u0259kda\u015fl\u0131q edibl\u0259r. Enerji sah\u0259sind\u0259ki uzunm&uuml;dd\u0259tli v\u0259 s\u0259m\u0259r\u0259li birg\u0259 f\u0259aliyy\u0259timiz x&uuml;susi \u0259h\u0259miyy\u0259t k\u0259sb edir. Birl\u0259\u015fmi\u015f \u015etatlar\u0131n Az\u0259rbaycan\u0131n enerji strategiyas\u0131n\u0131n ger&ccedil;\u0259kl\u0259\u015fm\u0259sin\u0259, Avropan\u0131n enerji t\u0259hl&uuml;k\u0259sizliyinin t\u0259min edilm\u0259sind\u0259 m&uuml;h&uuml;m rol oynayan C\u0259nub Qaz D\u0259hlizinin realla\u015fmas\u0131na verdiyi q\u0259tiyy\u0259tli d\u0259st\u0259yini y&uuml;ks\u0259k qiym\u0259tl\u0259ndiririk.<\/p>\n<p>Xalqlar\u0131m\u0131z\u0131n m\u0259nafel\u0259ri namin\u0259 qar\u015f\u0131l\u0131ql\u0131 maraq do\u011furan b&uuml;t&uuml;n sah\u0259l\u0259rd\u0259, x&uuml;susil\u0259 d\u0259 iqlim d\u0259yi\u015fm\u0259l\u0259ri v\u0259 ya\u015f\u0131l enerjiy\u0259 ke&ccedil;id m\u0259s\u0259l\u0259l\u0259rind\u0259 AB\u015e il\u0259 birg\u0259 s\u0259yl\u0259r g&ouml;st\u0259rm\u0259y\u0259 haz\u0131r oldu\u011fumuzu vur\u011fulamaq ist\u0259yir\u0259m. AB\u015e-nin noyabr ay\u0131nda Bak\u0131da ke&ccedil;iril\u0259c\u0259k COP29-a, t\u0259dbir &ccedil;\u0259r&ccedil;iv\u0259sind\u0259 &uuml;mumi iqlim m\u0259qs\u0259dl\u0259rinin ir\u0259li apar\u0131lmas\u0131 yolunda d\u0259st\u0259yi b&ouml;y&uuml;k \u0259h\u0259miyy\u0259t k\u0259sb edir. Biz eyni zamanda humanitar, m\u0259d\u0259niyy\u0259t v\u0259 turizm sah\u0259l\u0259rind\u0259, sivilizasiyalararas\u0131 dialoqun t\u0259\u015fviqind\u0259 d\u0259 Az\u0259rbaycan-AB\u015e m&uuml;nasib\u0259tl\u0259rinin geni\u015fl\u0259nm\u0259sind\u0259 maraql\u0131y\u0131q.<\/p>\n<p>Az\u0259rbaycan yeni geosiyasi reall\u0131qlara v\u0259 \u0259dal\u0259t\u0259 \u0259saslanan, h\u0259r hans\u0131 ay\u0131r\u0131c\u0131 x\u0259tl\u0259r olmadan inteqrasiya olunmu\u015f v\u0259 inkl&uuml;ziv C\u0259nubi Qafqaz regional \u0259m\u0259kda\u015fl\u0131q modelinin qurulmas\u0131n\u0131n t\u0259r\u0259fdar\u0131d\u0131r. Az\u0259rbaycan Erm\u0259nistan il\u0259 s&uuml;lh m&uuml;qavil\u0259sinin v\u0259 onun \u0259sas\u0131n\u0131 t\u0259\u015fkil ed\u0259n 5 prinsipin t\u0259\u015f\u0259bb&uuml;skar\u0131 olaraq s&uuml;lh g&uuml;nd\u0259liyinin ir\u0259li apar\u0131lmas\u0131 &uuml;&ccedil;&uuml;n daim siyasi irad\u0259 n&uuml;mayi\u015f etdirir. Erm\u0259nistan il\u0259 m&uuml;nasib\u0259tl\u0259rin normalla\u015fd\u0131r\u0131lmas\u0131na, b&ouml;lg\u0259d\u0259 davaml\u0131 s&uuml;lh&uuml;n b\u0259rq\u0259rar edilm\u0259si, s&uuml;lh m&uuml;qavil\u0259sinin haz\u0131rlanmas\u0131 prosesin\u0259 AB\u015e-nin h\u0259r zaman d\u0259st\u0259k verm\u0259k \u0259zmini t\u0259qdir edirik.<\/p>\n<p>Bu g&uuml;n qar\u015f\u0131l\u0131ql\u0131 faydal\u0131 iqtisadi-ticari \u0259laq\u0259l\u0259rimizin \u015fax\u0259l\u0259ndirilm\u0259si, x&uuml;susil\u0259 d\u0259 y&uuml;ks\u0259k texnologiyalar, r\u0259q\u0259msal v\u0259 ya\u015f\u0131l ke&ccedil;id, k\u0259nd t\u0259s\u0259rr&uuml;fat\u0131, investisiyalar, aviasiya v\u0259 dig\u0259r sah\u0259l\u0259rd\u0259 \u0259m\u0259kda\u015fl\u0131\u011f\u0131m\u0131z\u0131n inki\u015faf etdirilm\u0259si &uuml;&ccedil;&uuml;n b&ouml;y&uuml;k perspektivl\u0259r vard\u0131r.<\/p>\n<p>\u0130nan\u0131ram ki, dost v\u0259 t\u0259r\u0259fda\u015f olan Az\u0259rbaycan il\u0259 AB\u015e aras\u0131nda m&uuml;xt\u0259lif sah\u0259l\u0259ri \u0259hat\u0259 ed\u0259n s\u0131x \u0259m\u0259kda\u015fl\u0131\u011f\u0131n &ouml;lk\u0259l\u0259rimizin maraqlar\u0131 v\u0259 xalqlar\u0131m\u0131z\u0131n rifah\u0131 namin\u0259 bundan sonra da u\u011furla davam etdirilm\u0259si yolunda birg\u0259 s\u0259yl\u0259r g&ouml;st\u0259r\u0259c\u0259yik.<\/p>\n<p>Bu xo\u015f f&uuml;rs\u0259td\u0259n istifad\u0259 ed\u0259r\u0259k Siz\u0259 m&ouml;hk\u0259m cansa\u011fl\u0131\u011f\u0131, i\u015fl\u0259rinizd\u0259 m&uuml;v\u0259ff\u0259qiyy\u0259tl\u0259r, Amerika Birl\u0259\u015fmi\u015f \u015etatlar\u0131n\u0131n dost xalq\u0131na daim \u0259min-amanl\u0131q v\u0259 firavanl\u0131q dil\u0259yir\u0259m&quot;.<\/p>\n","protected":false},"excerpt":{"rendered":"<p>Prezident \u0130lham \u018fliyev Amerika Birl\u0259\u015fmi\u015f \u015etatlar\u0131n\u0131n Prezidenti Cozef Bayden\u0259 t\u0259brik m\u0259ktubu g&ouml;nd\u0259rib. Ucnoqta.az x\u0259b\u0259r verir ki, m\u0259ktubda deyilir: &quot;H&ouml;rm\u0259tli c\u0259nab Prezident, 4 \u0130yul &ndash; M&uuml;st\u0259qillik G&uuml;n&uuml; m&uuml;nasib\u0259til\u0259 Siz\u0259 v\u0259 Sizin&hellip;<\/p>\n","protected":false},"author":1,"featured_media":251278,"comment_status":"open","ping_status":"open","sticky":false,"template":"","format":"standard","meta":{"_lmt_disableupdate":"","_lmt_disable":"","footnotes":""},"categories":[86],"tags":[],"class_list":["post-204963","post","type-post","status-publish","format-standard","has-post-thumbnail","hentry","category-siyaset"],"_links":{"self":[{"href":"https:\/\/ucnoqta.az\/index.php?rest_route=\/wp\/v2\/posts\/204963","targetHints":{"allow":["GET"]}}],"collection":[{"href":"https:\/\/ucnoqta.az\/index.php?rest_route=\/wp\/v2\/posts"}],"about":[{"href":"https:\/\/ucnoqta.az\/index.php?rest_route=\/wp\/v2\/types\/post"}],"author":[{"embeddable":true,"href":"https:\/\/ucnoqta.az\/index.php?rest_route=\/wp\/v2\/users\/1"}],"replies":[{"embeddable":true,"href":"https:\/\/ucnoqta.az\/index.php?rest_route=%2Fwp%2Fv2%2Fcomments&post=204963"}],"version-history":[{"count":0,"href":"https:\/\/ucnoqta.az\/index.php?rest_route=\/wp\/v2\/posts\/204963\/revisions"}],"wp:featuredmedia":[{"embeddable":true,"href":"https:\/\/ucnoqta.az\/index.php?rest_route=\/wp\/v2\/media\/251278"}],"wp:attachment":[{"href":"https:\/\/ucnoqta.az\/index.php?rest_route=%2Fwp%2Fv2%2Fmedia&parent=204963"}],"wp:term":[{"taxonomy":"category","embeddable":true,"href":"https:\/\/ucnoqta.az\/index.php?rest_route=%2Fwp%2Fv2%2Fcategories&post=204963"},{"taxonomy":"post_tag","embeddable":true,"href":"https:\/\/ucnoqta.az\/index.php?rest_route=%2Fwp%2Fv2%2Ftags&post=204963"}],"curies":[{"name":"wp","href":"https:\/\/api.w.org\/{rel}","templated":true}]}}