{"id":204621,"date":"2024-06-27T19:50:52","date_gmt":"2024-06-27T15:50:52","guid":{"rendered":""},"modified":"-0001-11-30T00:00:00","modified_gmt":"-0001-11-29T20:00:00","slug":"","status":"publish","type":"post","link":"https:\/\/ucnoqta.az\/?p=204621","title":{"rendered":"Tesla zavodunun yax\u0131nl\u0131\u011f\u0131nda bomba tap\u0131l\u0131b"},"content":{"rendered":"<p><strong>\u0130kinci D&uuml;nya M&uuml;harib\u0259si zaman\u0131 at\u0131lan partlamam\u0131\u015f 250 kq-l\u0131q aviabombas\u0131 Berlin yax\u0131nl\u0131\u011f\u0131ndak\u0131 Tesla fabriki yax\u0131nl\u0131\u011f\u0131nda tap\u0131l\u0131b.<\/strong><\/p>\n<p>Ucnoqta.az x\u0259b\u0259r verir ki, RBB telekanal\u0131n\u0131n yerli hakimiyy\u0259t orqanlar\u0131na istinad\u0259n verdiyi m\u0259lumata g&ouml;r\u0259, o, \u015f\u0259nb\u0259 g&uuml;n&uuml; idar\u0259 olunan partlay\u0131\u015fla m\u0259hv edil\u0259c\u0259k. Bomba tikinti i\u015fl\u0259ri zaman\u0131 tap\u0131l\u0131b v\u0259 onu da\u015f\u0131maq m&uuml;mk&uuml;n deyil v\u0259 ilkin m\u0259lumatlara g&ouml;r\u0259, yerind\u0259 partlad\u0131lacaq.<\/p>\n<p>T\u0259xliy\u0259nin d\u0259qiq radiusu h\u0259l\u0259 m&uuml;\u0259yy\u0259n edilm\u0259yib. \u015e\u0259h\u0259r\u0259traf\u0131 iki yolda avtomobill\u0259rin h\u0259r\u0259k\u0259ti m&uuml;v\u0259qq\u0259ti olaraq ba\u011flanacaq. \u0130stehkam&ccedil;\u0131lar\u0131n i\u015finin d\u0259mir yolu h\u0259r\u0259k\u0259tin\u0259 t\u0259sir etm\u0259y\u0259c\u0259yi g&ouml;zl\u0259nilir. Zavodun &ouml;z&uuml;nd\u0259 istehsal\u0131n dayand\u0131r\u0131lmal\u0131 olaca\u011f\u0131 bar\u0259d\u0259 h\u0259l\u0259lik m\u0259lumat yoxdur.<\/p>\n<p>DPA agentliyi yaz\u0131r ki, a\u015fkarlanan bomba Britaniyada haz\u0131rlan\u0131b.&nbsp;<\/p>\n","protected":false},"excerpt":{"rendered":"<p>\u0130kinci D&uuml;nya M&uuml;harib\u0259si zaman\u0131 at\u0131lan partlamam\u0131\u015f 250 kq-l\u0131q aviabombas\u0131 Berlin yax\u0131nl\u0131\u011f\u0131ndak\u0131 Tesla fabriki yax\u0131nl\u0131\u011f\u0131nda tap\u0131l\u0131b. Ucnoqta.az x\u0259b\u0259r verir ki, RBB telekanal\u0131n\u0131n yerli hakimiyy\u0259t orqanlar\u0131na istinad\u0259n verdiyi m\u0259lumata g&ouml;r\u0259, o, \u015f\u0259nb\u0259&hellip;<\/p>\n","protected":false},"author":1,"featured_media":251278,"comment_status":"open","ping_status":"open","sticky":false,"template":"","format":"standard","meta":{"_lmt_disableupdate":"","_lmt_disable":"","footnotes":""},"categories":[89],"tags":[],"class_list":["post-204621","post","type-post","status-publish","format-standard","has-post-thumbnail","hentry","category-dunya-butun-xeberler"],"_links":{"self":[{"href":"https:\/\/ucnoqta.az\/index.php?rest_route=\/wp\/v2\/posts\/204621","targetHints":{"allow":["GET"]}}],"collection":[{"href":"https:\/\/ucnoqta.az\/index.php?rest_route=\/wp\/v2\/posts"}],"about":[{"href":"https:\/\/ucnoqta.az\/index.php?rest_route=\/wp\/v2\/types\/post"}],"author":[{"embeddable":true,"href":"https:\/\/ucnoqta.az\/index.php?rest_route=\/wp\/v2\/users\/1"}],"replies":[{"embeddable":true,"href":"https:\/\/ucnoqta.az\/index.php?rest_route=%2Fwp%2Fv2%2Fcomments&post=204621"}],"version-history":[{"count":0,"href":"https:\/\/ucnoqta.az\/index.php?rest_route=\/wp\/v2\/posts\/204621\/revisions"}],"wp:featuredmedia":[{"embeddable":true,"href":"https:\/\/ucnoqta.az\/index.php?rest_route=\/wp\/v2\/media\/251278"}],"wp:attachment":[{"href":"https:\/\/ucnoqta.az\/index.php?rest_route=%2Fwp%2Fv2%2Fmedia&parent=204621"}],"wp:term":[{"taxonomy":"category","embeddable":true,"href":"https:\/\/ucnoqta.az\/index.php?rest_route=%2Fwp%2Fv2%2Fcategories&post=204621"},{"taxonomy":"post_tag","embeddable":true,"href":"https:\/\/ucnoqta.az\/index.php?rest_route=%2Fwp%2Fv2%2Ftags&post=204621"}],"curies":[{"name":"wp","href":"https:\/\/api.w.org\/{rel}","templated":true}]}}