{"id":204619,"date":"2024-06-27T19:45:33","date_gmt":"2024-06-27T15:45:33","guid":{"rendered":""},"modified":"-0001-11-30T00:00:00","modified_gmt":"-0001-11-29T20:00:00","slug":"","status":"publish","type":"post","link":"https:\/\/ucnoqta.az\/?p=204619","title":{"rendered":"Erm\u0259nistan KTMT-nin 2024-c\u00fc il b\u00fcdc\u0259sini imzalamayacaq &#8211;"},"content":{"rendered":"<p><strong>Erm\u0259nistan KTMT katibliyin\u0259 t\u0259\u015fkilat\u0131n 2024-c&uuml; il b&uuml;dc\u0259sini imzalamayaca\u011f\u0131 bar\u0259d\u0259 r\u0259smi m\u0259lumat verib<\/strong><\/p>\n<p>Ucnoqta.az x\u0259b\u0259r verir ki,&nbsp;Erm\u0259nistan Xarici \u0130\u015fl\u0259r Nazirliyi yerli Factor.am portal\u0131n\u0131n sor\u011fusuna cavab verib.<\/p>\n<p>&ldquo;Erm\u0259nistan Respublikas\u0131 KTMT Katibliyin\u0259 KTMT-nin &ldquo;KTMT-nin 2024-c&uuml; il b&uuml;dc\u0259si haqq\u0131nda&rdquo; q\u0259rar\u0131n\u0131 imzalamaqdan v\u0259 bu q\u0259rarda n\u0259z\u0259rd\u0259 tutulan t\u0259\u015fkilat\u0131n f\u0259aliyy\u0259tinin maliyy\u0259l\u0259\u015fdirilm\u0259sind\u0259 i\u015ftirakdan imtina ed\u0259c\u0259yi bar\u0259d\u0259 r\u0259smi m\u0259lumat verib s&ouml;z&uuml;ged\u0259n q\u0259rarda n\u0259z\u0259rd\u0259 tutulan maliyy\u0259l\u0259\u015fdirm\u0259 il\u0259 ba\u011fl\u0131 he&ccedil; bir &ouml;hd\u0259lik g&ouml;t&uuml;rm\u0259yib&rdquo;, &#8211; Xarici \u0130\u015fl\u0259r Nazirliyind\u0259n bildirilib.<\/p>\n","protected":false},"excerpt":{"rendered":"<p>Erm\u0259nistan KTMT katibliyin\u0259 t\u0259\u015fkilat\u0131n 2024-c&uuml; il b&uuml;dc\u0259sini imzalamayaca\u011f\u0131 bar\u0259d\u0259 r\u0259smi m\u0259lumat verib Ucnoqta.az x\u0259b\u0259r verir ki,&nbsp;Erm\u0259nistan Xarici \u0130\u015fl\u0259r Nazirliyi yerli Factor.am portal\u0131n\u0131n sor\u011fusuna cavab verib. &ldquo;Erm\u0259nistan Respublikas\u0131 KTMT Katibliyin\u0259 KTMT-nin&hellip;<\/p>\n","protected":false},"author":1,"featured_media":251278,"comment_status":"open","ping_status":"open","sticky":false,"template":"","format":"standard","meta":{"_lmt_disableupdate":"","_lmt_disable":"","footnotes":""},"categories":[89],"tags":[],"class_list":["post-204619","post","type-post","status-publish","format-standard","has-post-thumbnail","hentry","category-dunya-butun-xeberler"],"_links":{"self":[{"href":"https:\/\/ucnoqta.az\/index.php?rest_route=\/wp\/v2\/posts\/204619","targetHints":{"allow":["GET"]}}],"collection":[{"href":"https:\/\/ucnoqta.az\/index.php?rest_route=\/wp\/v2\/posts"}],"about":[{"href":"https:\/\/ucnoqta.az\/index.php?rest_route=\/wp\/v2\/types\/post"}],"author":[{"embeddable":true,"href":"https:\/\/ucnoqta.az\/index.php?rest_route=\/wp\/v2\/users\/1"}],"replies":[{"embeddable":true,"href":"https:\/\/ucnoqta.az\/index.php?rest_route=%2Fwp%2Fv2%2Fcomments&post=204619"}],"version-history":[{"count":0,"href":"https:\/\/ucnoqta.az\/index.php?rest_route=\/wp\/v2\/posts\/204619\/revisions"}],"wp:featuredmedia":[{"embeddable":true,"href":"https:\/\/ucnoqta.az\/index.php?rest_route=\/wp\/v2\/media\/251278"}],"wp:attachment":[{"href":"https:\/\/ucnoqta.az\/index.php?rest_route=%2Fwp%2Fv2%2Fmedia&parent=204619"}],"wp:term":[{"taxonomy":"category","embeddable":true,"href":"https:\/\/ucnoqta.az\/index.php?rest_route=%2Fwp%2Fv2%2Fcategories&post=204619"},{"taxonomy":"post_tag","embeddable":true,"href":"https:\/\/ucnoqta.az\/index.php?rest_route=%2Fwp%2Fv2%2Ftags&post=204619"}],"curies":[{"name":"wp","href":"https:\/\/api.w.org\/{rel}","templated":true}]}}