{"id":203427,"date":"2024-06-04T21:05:30","date_gmt":"2024-06-04T17:05:30","guid":{"rendered":""},"modified":"-0001-11-30T00:00:00","modified_gmt":"-0001-11-29T20:00:00","slug":"","status":"publish","type":"post","link":"https:\/\/ucnoqta.az\/?p=203427","title":{"rendered":"\u0130cra ba\u015f\u00e7\u0131s\u0131n\u0131n m\u00fcavini il\u0259 m\u00fcbahis\u0259 ed\u0259n fermer"},"content":{"rendered":"<p><strong>Q\u0259b\u0259l\u0259 Rayon \u0130cra Hakimiyy\u0259ti ba\u015f&ccedil;\u0131s\u0131n\u0131n m&uuml;avini Arif Allahverdiyevin q\u0259buluna g\u0259l\u0259n \u015f\u0259xs saxlan\u0131l\u0131b.<\/strong><\/p>\n<p>&quot;Qaynarinfo&quot;nun m\u0259lumat\u0131na g&ouml;r\u0259, 1959-cu il t\u0259v\u0259ll&uuml;dl&uuml; fermer Tahir Zamanovun (\u015f\u0259rti) saxlan\u0131lmas\u0131na s\u0259b\u0259b icra ba\u015f&ccedil;\u0131s\u0131n\u0131n m&uuml;avini Arif Allahverdiyevin ondan \u015fikay\u0259t&ccedil;i olmas\u0131d\u0131r.<\/p>\n<p>Bel\u0259 ki, fermerin Q\u0259b\u0259l\u0259 rayonu, K&ouml;t&uuml;kl&uuml; k\u0259ndind\u0259 f\u0131nd\u0131q ba\u011flar\u0131n\u0131 su bas\u0131b. O, torpaq sah\u0259sind\u0259n qurunt sular\u0131n\u0131n ax\u0131d\u0131lmas\u0131 m\u0259qs\u0259dil\u0259 texnika verilm\u0259sind\u0259n &ouml;tr&uuml; icra ba\u015f&ccedil;\u0131s\u0131n\u0131n m&uuml;avininin q\u0259buluna gedib.<\/p>\n<p>Arif Allahverdiyev fermerin ist\u0259yin\u0259 &quot;yox&quot; cavab\u0131 verib. Laz\u0131m olan texnikan\u0131 ala bilm\u0259y\u0259n fermer Arif Allahyarovla m&uuml;bahis\u0259 edib.<\/p>\n<p>M\u0259hk\u0259m\u0259nin q\u0259rar\u0131 il\u0259 fermer \u0130nzibati X\u0259talar M\u0259c\u0259ll\u0259sinin 510-cu madd\u0259si il\u0259 t\u0259qsirli bilinib v\u0259 50 manat c\u0259rim\u0259 edilib.<\/p>\n","protected":false},"excerpt":{"rendered":"<p>Q\u0259b\u0259l\u0259 Rayon \u0130cra Hakimiyy\u0259ti ba\u015f&ccedil;\u0131s\u0131n\u0131n m&uuml;avini Arif Allahverdiyevin q\u0259buluna g\u0259l\u0259n \u015f\u0259xs saxlan\u0131l\u0131b. &quot;Qaynarinfo&quot;nun m\u0259lumat\u0131na g&ouml;r\u0259, 1959-cu il t\u0259v\u0259ll&uuml;dl&uuml; fermer Tahir Zamanovun (\u015f\u0259rti) saxlan\u0131lmas\u0131na s\u0259b\u0259b icra ba\u015f&ccedil;\u0131s\u0131n\u0131n m&uuml;avini Arif Allahverdiyevin ondan&hellip;<\/p>\n","protected":false},"author":1,"featured_media":251278,"comment_status":"open","ping_status":"open","sticky":false,"template":"","format":"standard","meta":{"_lmt_disableupdate":"","_lmt_disable":"","footnotes":""},"categories":[],"tags":[],"class_list":["post-203427","post","type-post","status-publish","format-standard","has-post-thumbnail","hentry"],"_links":{"self":[{"href":"https:\/\/ucnoqta.az\/index.php?rest_route=\/wp\/v2\/posts\/203427","targetHints":{"allow":["GET"]}}],"collection":[{"href":"https:\/\/ucnoqta.az\/index.php?rest_route=\/wp\/v2\/posts"}],"about":[{"href":"https:\/\/ucnoqta.az\/index.php?rest_route=\/wp\/v2\/types\/post"}],"author":[{"embeddable":true,"href":"https:\/\/ucnoqta.az\/index.php?rest_route=\/wp\/v2\/users\/1"}],"replies":[{"embeddable":true,"href":"https:\/\/ucnoqta.az\/index.php?rest_route=%2Fwp%2Fv2%2Fcomments&post=203427"}],"version-history":[{"count":0,"href":"https:\/\/ucnoqta.az\/index.php?rest_route=\/wp\/v2\/posts\/203427\/revisions"}],"wp:featuredmedia":[{"embeddable":true,"href":"https:\/\/ucnoqta.az\/index.php?rest_route=\/wp\/v2\/media\/251278"}],"wp:attachment":[{"href":"https:\/\/ucnoqta.az\/index.php?rest_route=%2Fwp%2Fv2%2Fmedia&parent=203427"}],"wp:term":[{"taxonomy":"category","embeddable":true,"href":"https:\/\/ucnoqta.az\/index.php?rest_route=%2Fwp%2Fv2%2Fcategories&post=203427"},{"taxonomy":"post_tag","embeddable":true,"href":"https:\/\/ucnoqta.az\/index.php?rest_route=%2Fwp%2Fv2%2Ftags&post=203427"}],"curies":[{"name":"wp","href":"https:\/\/api.w.org\/{rel}","templated":true}]}}