{"id":202597,"date":"2024-05-21T16:11:05","date_gmt":"2024-05-21T12:11:05","guid":{"rendered":""},"modified":"-0001-11-30T00:00:00","modified_gmt":"-0001-11-29T20:00:00","slug":"","status":"publish","type":"post","link":"https:\/\/ucnoqta.az\/?p=202597","title":{"rendered":"T\u0259rt\u0259rd\u0259 mina partlay\u0131b &#8211;"},"content":{"rendered":"<p><strong>T\u0259rt\u0259r rayonunda mina hadis\u0259si ba\u015f verib.<\/strong><\/p>\n<p>Ucnoqta.az x\u0259b\u0259r verir ki, bu bar\u0259d\u0259 Az\u0259rbaycan Respublikas\u0131 Daxili \u0130\u015fl\u0259r Nazirliyi, Ba\u015f Prokurorlu\u011fu v\u0259 Minat\u0259mizl\u0259m\u0259 Agentliyinin (ANAMA) M\u0259tbuat Xidm\u0259ti m\u0259lumat yay\u0131b.<\/p>\n<p>M\u0259lumatda bildirilib ki, 2024-c&uuml; il 21 may tarixind\u0259 T\u0259rt\u0259r rayonu H\u0259s\u0259nqaya k\u0259ndi \u0259razisind\u0259 mina hadis\u0259si ba\u015f verib.<\/p>\n<p>1965-ci il t\u0259v\u0259ll&uuml;dl&uuml; Hac\u0131yev Arzu N\u0259c\u0259f o\u011flu ke&ccedil;mi\u015f t\u0259mas x\u0259tti yax\u0131nl\u0131\u011f\u0131nda, minalardan t\u0259mizl\u0259nm\u0259mi\u015f \u0259razid\u0259 heyvan otarark\u0259n minaya d&uuml;\u015f&uuml;b. O, ald\u0131\u011f\u0131 x\u0259sar\u0259tl\u0259rd\u0259n hadis\u0259 yerind\u0259 h\u0259yat\u0131n\u0131 itirib.<\/p>\n<p>Faktla ba\u011fl\u0131 T\u0259rt\u0259r rayon prokurorlu\u011funda ara\u015fd\u0131rma apar\u0131l\u0131r.<\/p>\n<p>ANAMA, AR D\u0130N v\u0259 Ba\u015f Prokurorluq bir daha v\u0259t\u0259nda\u015flar\u0131 t\u0259hl&uuml;k\u0259sizlik qaydalar\u0131na riay\u0259t etm\u0259y\u0259, mina t\u0259hl&uuml;k\u0259si i\u015far\u0259l\u0259rinin g&ouml;st\u0259ricil\u0259rin\u0259 diqq\u0259tl\u0259 yana\u015fma\u011fa v\u0259 b\u0259l\u0259d olmad\u0131qlar\u0131 \u0259razil\u0259r\u0259 daxil olmama\u011fa &ccedil;a\u011f\u0131r\u0131r!<\/p>\n","protected":false},"excerpt":{"rendered":"<p>T\u0259rt\u0259r rayonunda mina hadis\u0259si ba\u015f verib. Ucnoqta.az x\u0259b\u0259r verir ki, bu bar\u0259d\u0259 Az\u0259rbaycan Respublikas\u0131 Daxili \u0130\u015fl\u0259r Nazirliyi, Ba\u015f Prokurorlu\u011fu v\u0259 Minat\u0259mizl\u0259m\u0259 Agentliyinin (ANAMA) M\u0259tbuat Xidm\u0259ti m\u0259lumat yay\u0131b. M\u0259lumatda bildirilib ki,&hellip;<\/p>\n","protected":false},"author":1,"featured_media":251278,"comment_status":"open","ping_status":"open","sticky":false,"template":"","format":"standard","meta":{"_lmt_disableupdate":"","_lmt_disable":"","footnotes":""},"categories":[91],"tags":[],"class_list":["post-202597","post","type-post","status-publish","format-standard","has-post-thumbnail","hentry","category-olkeici"],"_links":{"self":[{"href":"https:\/\/ucnoqta.az\/index.php?rest_route=\/wp\/v2\/posts\/202597","targetHints":{"allow":["GET"]}}],"collection":[{"href":"https:\/\/ucnoqta.az\/index.php?rest_route=\/wp\/v2\/posts"}],"about":[{"href":"https:\/\/ucnoqta.az\/index.php?rest_route=\/wp\/v2\/types\/post"}],"author":[{"embeddable":true,"href":"https:\/\/ucnoqta.az\/index.php?rest_route=\/wp\/v2\/users\/1"}],"replies":[{"embeddable":true,"href":"https:\/\/ucnoqta.az\/index.php?rest_route=%2Fwp%2Fv2%2Fcomments&post=202597"}],"version-history":[{"count":0,"href":"https:\/\/ucnoqta.az\/index.php?rest_route=\/wp\/v2\/posts\/202597\/revisions"}],"wp:featuredmedia":[{"embeddable":true,"href":"https:\/\/ucnoqta.az\/index.php?rest_route=\/wp\/v2\/media\/251278"}],"wp:attachment":[{"href":"https:\/\/ucnoqta.az\/index.php?rest_route=%2Fwp%2Fv2%2Fmedia&parent=202597"}],"wp:term":[{"taxonomy":"category","embeddable":true,"href":"https:\/\/ucnoqta.az\/index.php?rest_route=%2Fwp%2Fv2%2Fcategories&post=202597"},{"taxonomy":"post_tag","embeddable":true,"href":"https:\/\/ucnoqta.az\/index.php?rest_route=%2Fwp%2Fv2%2Ftags&post=202597"}],"curies":[{"name":"wp","href":"https:\/\/api.w.org\/{rel}","templated":true}]}}