{"id":202581,"date":"2024-05-21T14:00:13","date_gmt":"2024-05-21T10:00:13","guid":{"rendered":""},"modified":"-0001-11-30T00:00:00","modified_gmt":"-0001-11-29T20:00:00","slug":"","status":"publish","type":"post","link":"https:\/\/ucnoqta.az\/?p=202581","title":{"rendered":"30 il sonra tap\u0131lan \u015f\u0259hidimiz d\u0259fn olundu"},"content":{"rendered":"<p><strong>Bu yax\u0131nlarda n\u0259\u015finin qal\u0131qlar\u0131 tap\u0131lan \u015f\u0259hidl\u0259rd\u0259n biri d\u0259 Arif \u018fl\u0259kb\u0259r o\u011flu \u0130mam\u0259liyevdir.<\/strong><\/p>\n<p>Ucnoqta.az&nbsp;x\u0259b\u0259r verir ki, may\u0131n 21-d\u0259 \u015f\u0259hidl\u0259 vida m\u0259rasimi ke&ccedil;irildikd\u0259n sonra n\u0259\u015fi Bak\u0131n\u0131n Yeni Suraxan\u0131 rayonundak\u0131 \u015e\u0259hidl\u0259r xiyaban\u0131na g\u0259tirilib.<\/p>\n<p>D\u0259fn m\u0259rasimind\u0259 \u015f\u0259h\u0259r sakinl\u0259ri, \u015f\u0259hidin ail\u0259 &uuml;zvl\u0259ri, qazil\u0259r, ictimaiyy\u0259t n&uuml;may\u0259nd\u0259l\u0259ri i\u015ftirak edibl\u0259r.<\/p>\n<p>\u015e\u0259hid Az\u0259rbaycan Respublikas\u0131n\u0131n D&ouml;vl\u0259t Himninin s\u0259dalar\u0131 alt\u0131nda v\u0259 yayl\u0131m at\u0259\u015finin m&uuml;\u015fayi\u0259ti il\u0259 son m\u0259nzil\u0259 yola sal\u0131n\u0131b. D\u0259fn m\u0259rasimind\u0259 &ldquo;\u015e\u0259hidl\u0259r &ouml;lm\u0259z, V\u0259t\u0259n b&ouml;l&uuml;nm\u0259z&rdquo; \u015f&uuml;arlar\u0131 s\u0259sl\u0259ndirilib, \u015f\u0259hidin ruhuna dualar oxunub.<\/p>\n<p>Qeyd ed\u0259k ki, Arif \u0130mam\u0259liyev 1960-c\u0131 ild\u0259 Bak\u0131 \u015f\u0259h\u0259rind\u0259 anadan olub. 1994-c&uuml; il fevral\u0131n 15-d\u0259 K\u0259lb\u0259c\u0259r rayonundak\u0131 Murovda\u011f \u0259traf\u0131nda ged\u0259n d&ouml;y&uuml;\u015fl\u0259rd\u0259 itkin d&uuml;\u015fm&uuml;\u015fd&uuml;.<\/p>\n","protected":false},"excerpt":{"rendered":"<p>Bu yax\u0131nlarda n\u0259\u015finin qal\u0131qlar\u0131 tap\u0131lan \u015f\u0259hidl\u0259rd\u0259n biri d\u0259 Arif \u018fl\u0259kb\u0259r o\u011flu \u0130mam\u0259liyevdir. Ucnoqta.az&nbsp;x\u0259b\u0259r verir ki, may\u0131n 21-d\u0259 \u015f\u0259hidl\u0259 vida m\u0259rasimi ke&ccedil;irildikd\u0259n sonra n\u0259\u015fi Bak\u0131n\u0131n Yeni Suraxan\u0131 rayonundak\u0131 \u015e\u0259hidl\u0259r xiyaban\u0131na g\u0259tirilib.&hellip;<\/p>\n","protected":false},"author":1,"featured_media":251278,"comment_status":"open","ping_status":"open","sticky":false,"template":"","format":"standard","meta":{"_lmt_disableupdate":"","_lmt_disable":"","footnotes":""},"categories":[91],"tags":[],"class_list":["post-202581","post","type-post","status-publish","format-standard","has-post-thumbnail","hentry","category-olkeici"],"_links":{"self":[{"href":"https:\/\/ucnoqta.az\/index.php?rest_route=\/wp\/v2\/posts\/202581","targetHints":{"allow":["GET"]}}],"collection":[{"href":"https:\/\/ucnoqta.az\/index.php?rest_route=\/wp\/v2\/posts"}],"about":[{"href":"https:\/\/ucnoqta.az\/index.php?rest_route=\/wp\/v2\/types\/post"}],"author":[{"embeddable":true,"href":"https:\/\/ucnoqta.az\/index.php?rest_route=\/wp\/v2\/users\/1"}],"replies":[{"embeddable":true,"href":"https:\/\/ucnoqta.az\/index.php?rest_route=%2Fwp%2Fv2%2Fcomments&post=202581"}],"version-history":[{"count":0,"href":"https:\/\/ucnoqta.az\/index.php?rest_route=\/wp\/v2\/posts\/202581\/revisions"}],"wp:featuredmedia":[{"embeddable":true,"href":"https:\/\/ucnoqta.az\/index.php?rest_route=\/wp\/v2\/media\/251278"}],"wp:attachment":[{"href":"https:\/\/ucnoqta.az\/index.php?rest_route=%2Fwp%2Fv2%2Fmedia&parent=202581"}],"wp:term":[{"taxonomy":"category","embeddable":true,"href":"https:\/\/ucnoqta.az\/index.php?rest_route=%2Fwp%2Fv2%2Fcategories&post=202581"},{"taxonomy":"post_tag","embeddable":true,"href":"https:\/\/ucnoqta.az\/index.php?rest_route=%2Fwp%2Fv2%2Ftags&post=202581"}],"curies":[{"name":"wp","href":"https:\/\/api.w.org\/{rel}","templated":true}]}}