{"id":202579,"date":"2024-05-21T13:54:29","date_gmt":"2024-05-21T09:54:29","guid":{"rendered":""},"modified":"-0001-11-30T00:00:00","modified_gmt":"-0001-11-29T20:00:00","slug":"","status":"publish","type":"post","link":"https:\/\/ucnoqta.az\/?p=202579","title":{"rendered":"Makron Yeni Kaledoniyaya s\u0259f\u0259r ed\u0259c\u0259k"},"content":{"rendered":"<p><strong>G&uuml;n \u0259rzind\u0259 Fransa prezidenti Emmanuel Makron arxipelaq\u0131n m&uuml;st\u0259qilliyi t\u0259r\u0259fdarlar\u0131n\u0131n etirazlar\u0131 fonunda may\u0131n 13-d\u0259n b\u0259ri i\u011fti\u015fa\u015flar\u0131n ba\u015f verdiyi Yeni Kaledoniyaya&nbsp;s\u0259f\u0259r ed\u0259c\u0259k.<\/strong><\/p>\n<p>Ucnoqta.az x\u0259b\u0259r verir ki, bu bar\u0259d\u0259 Fransa h&ouml;kum\u0259tinin r\u0259smi n&uuml;may\u0259nd\u0259si Priska Teveno bildirib.<\/p>\n<p>&quot;Nazirl\u0259r \u015euras\u0131n\u0131n iclas\u0131 zaman\u0131 prezident bu ax\u015fam h\u0259min yer\u0259&nbsp;ged\u0259c\u0259yini s&ouml;yl\u0259di&quot;, &#8211; o, Nazirl\u0259r \u015euras\u0131n\u0131n iclas\u0131ndan sonra ke&ccedil;iril\u0259n brifinqd\u0259 deyib.<\/p>\n","protected":false},"excerpt":{"rendered":"<p>G&uuml;n \u0259rzind\u0259 Fransa prezidenti Emmanuel Makron arxipelaq\u0131n m&uuml;st\u0259qilliyi t\u0259r\u0259fdarlar\u0131n\u0131n etirazlar\u0131 fonunda may\u0131n 13-d\u0259n b\u0259ri i\u011fti\u015fa\u015flar\u0131n ba\u015f verdiyi Yeni Kaledoniyaya&nbsp;s\u0259f\u0259r ed\u0259c\u0259k. Ucnoqta.az x\u0259b\u0259r verir ki, bu bar\u0259d\u0259 Fransa h&ouml;kum\u0259tinin r\u0259smi n&uuml;may\u0259nd\u0259si&hellip;<\/p>\n","protected":false},"author":1,"featured_media":251278,"comment_status":"open","ping_status":"open","sticky":false,"template":"","format":"standard","meta":{"_lmt_disableupdate":"","_lmt_disable":"","footnotes":""},"categories":[89],"tags":[],"class_list":["post-202579","post","type-post","status-publish","format-standard","has-post-thumbnail","hentry","category-dunya-butun-xeberler"],"_links":{"self":[{"href":"https:\/\/ucnoqta.az\/index.php?rest_route=\/wp\/v2\/posts\/202579","targetHints":{"allow":["GET"]}}],"collection":[{"href":"https:\/\/ucnoqta.az\/index.php?rest_route=\/wp\/v2\/posts"}],"about":[{"href":"https:\/\/ucnoqta.az\/index.php?rest_route=\/wp\/v2\/types\/post"}],"author":[{"embeddable":true,"href":"https:\/\/ucnoqta.az\/index.php?rest_route=\/wp\/v2\/users\/1"}],"replies":[{"embeddable":true,"href":"https:\/\/ucnoqta.az\/index.php?rest_route=%2Fwp%2Fv2%2Fcomments&post=202579"}],"version-history":[{"count":0,"href":"https:\/\/ucnoqta.az\/index.php?rest_route=\/wp\/v2\/posts\/202579\/revisions"}],"wp:featuredmedia":[{"embeddable":true,"href":"https:\/\/ucnoqta.az\/index.php?rest_route=\/wp\/v2\/media\/251278"}],"wp:attachment":[{"href":"https:\/\/ucnoqta.az\/index.php?rest_route=%2Fwp%2Fv2%2Fmedia&parent=202579"}],"wp:term":[{"taxonomy":"category","embeddable":true,"href":"https:\/\/ucnoqta.az\/index.php?rest_route=%2Fwp%2Fv2%2Fcategories&post=202579"},{"taxonomy":"post_tag","embeddable":true,"href":"https:\/\/ucnoqta.az\/index.php?rest_route=%2Fwp%2Fv2%2Ftags&post=202579"}],"curies":[{"name":"wp","href":"https:\/\/api.w.org\/{rel}","templated":true}]}}