{"id":202574,"date":"2024-05-21T13:19:04","date_gmt":"2024-05-21T09:19:04","guid":{"rendered":""},"modified":"-0001-11-30T00:00:00","modified_gmt":"-0001-11-29T20:00:00","slug":"","status":"publish","type":"post","link":"https:\/\/ucnoqta.az\/?p=202574","title":{"rendered":"Zaqatalada m\u0259kt\u0259bi v\u0259 u\u015faq ba\u011f\u00e7as\u0131n\u0131 su basd\u0131 &#8211;"},"content":{"rendered":"<p><strong>&Ouml;t\u0259n gec\u0259 arams\u0131z ya\u011fan ya\u011f\u0131\u015f n\u0259tic\u0259sind\u0259 Zaqatala rayonunun Tala k\u0259ndi \u0259razisind\u0259n ke&ccedil;\u0259n Qara&ccedil;ay &ouml;z m\u0259cras\u0131ndan &ccedil;\u0131x\u0131b. Bunun n\u0259tic\u0259sind\u0259, \u015e\u0259ki-Zaqatala Regional T\u0259hsil \u0130dar\u0259sinin tabeliyind\u0259 f\u0259aliyy\u0259t g&ouml;st\u0259r\u0259n Zaqatala rayon Abdurahman Qurbanov ad\u0131na &Uuml;&ccedil;&uuml;nc&uuml; Tala k\u0259nd tam orta m\u0259kt\u0259bi v\u0259 &Uuml;&ccedil;&uuml;nc&uuml; Tala k\u0259nd k&ouml;rp\u0259l\u0259r evi-u\u015faq ba\u011f&ccedil;as\u0131n\u0131n h\u0259y\u0259tini su bas\u0131b.<\/strong><\/p>\n<p>Bu bar\u0259d\u0259 Ucnoqta.az-a \u015e\u0259ki-Zaqatala Regional T\u0259hsil \u0130dar\u0259sinnd\u0259n bildirilib. M\u0259lumata g&ouml;r\u0259, su basmas\u0131n\u0131n yaratd\u0131\u011f\u0131 v\u0259ziyy\u0259t s\u0259b\u0259bind\u0259n, qeyd olunan t\u0259hsil m&uuml;\u0259ssis\u0259l\u0259rind\u0259 1 g&uuml;nl&uuml;k t\u0259dris prosesi dayand\u0131r\u0131l\u0131b.<\/p>\n<p>Bu m&uuml;dd\u0259t \u0259rzind\u0259 m\u0259kt\u0259bin v\u0259 ba\u011f&ccedil;an\u0131n z\u0259r\u0259r g&ouml;rm&uuml;\u015f h\u0259yatyan\u0131 sah\u0259l\u0259rind\u0259n suyun &ccedil;\u0259kilm\u0259si v\u0259 yaranm\u0131\u015f ziyan\u0131n aradan qald\u0131r\u0131lmas\u0131 i\u015fl\u0259rin\u0259 ba\u015flan\u0131l\u0131b. T\u0259hsil m&uuml;\u0259ssis\u0259l\u0259rinin normal f\u0259aliyy\u0259tinin b\u0259rpas\u0131 &uuml;&ccedil;&uuml;n b&uuml;t&uuml;n resurslar s\u0259f\u0259rb\u0259r olunub v\u0259 sabah t\u0259dris prosesinin yenid\u0259n davam etdirilm\u0259si n\u0259z\u0259rd\u0259 tutulur.<\/p>\n","protected":false},"excerpt":{"rendered":"<p>&Ouml;t\u0259n gec\u0259 arams\u0131z ya\u011fan ya\u011f\u0131\u015f n\u0259tic\u0259sind\u0259 Zaqatala rayonunun Tala k\u0259ndi \u0259razisind\u0259n ke&ccedil;\u0259n Qara&ccedil;ay &ouml;z m\u0259cras\u0131ndan &ccedil;\u0131x\u0131b. Bunun n\u0259tic\u0259sind\u0259, \u015e\u0259ki-Zaqatala Regional T\u0259hsil \u0130dar\u0259sinin tabeliyind\u0259 f\u0259aliyy\u0259t g&ouml;st\u0259r\u0259n Zaqatala rayon Abdurahman Qurbanov ad\u0131na&hellip;<\/p>\n","protected":false},"author":1,"featured_media":251278,"comment_status":"open","ping_status":"open","sticky":false,"template":"","format":"standard","meta":{"_lmt_disableupdate":"","_lmt_disable":"","footnotes":""},"categories":[91],"tags":[],"class_list":["post-202574","post","type-post","status-publish","format-standard","has-post-thumbnail","hentry","category-olkeici"],"_links":{"self":[{"href":"https:\/\/ucnoqta.az\/index.php?rest_route=\/wp\/v2\/posts\/202574","targetHints":{"allow":["GET"]}}],"collection":[{"href":"https:\/\/ucnoqta.az\/index.php?rest_route=\/wp\/v2\/posts"}],"about":[{"href":"https:\/\/ucnoqta.az\/index.php?rest_route=\/wp\/v2\/types\/post"}],"author":[{"embeddable":true,"href":"https:\/\/ucnoqta.az\/index.php?rest_route=\/wp\/v2\/users\/1"}],"replies":[{"embeddable":true,"href":"https:\/\/ucnoqta.az\/index.php?rest_route=%2Fwp%2Fv2%2Fcomments&post=202574"}],"version-history":[{"count":0,"href":"https:\/\/ucnoqta.az\/index.php?rest_route=\/wp\/v2\/posts\/202574\/revisions"}],"wp:featuredmedia":[{"embeddable":true,"href":"https:\/\/ucnoqta.az\/index.php?rest_route=\/wp\/v2\/media\/251278"}],"wp:attachment":[{"href":"https:\/\/ucnoqta.az\/index.php?rest_route=%2Fwp%2Fv2%2Fmedia&parent=202574"}],"wp:term":[{"taxonomy":"category","embeddable":true,"href":"https:\/\/ucnoqta.az\/index.php?rest_route=%2Fwp%2Fv2%2Fcategories&post=202574"},{"taxonomy":"post_tag","embeddable":true,"href":"https:\/\/ucnoqta.az\/index.php?rest_route=%2Fwp%2Fv2%2Ftags&post=202574"}],"curies":[{"name":"wp","href":"https:\/\/api.w.org\/{rel}","templated":true}]}}