{"id":202556,"date":"2024-05-21T13:35:19","date_gmt":"2024-05-21T09:35:19","guid":{"rendered":""},"modified":"-0001-11-30T00:00:00","modified_gmt":"-0001-11-29T20:00:00","slug":"","status":"publish","type":"post","link":"https:\/\/ucnoqta.az\/?p=202556","title":{"rendered":"\u0130lham \u018fliyev \u0130ran s\u0259firliyind\u0259 olub &#8211;"},"content":{"rendered":"<p><strong>Az\u0259rbaycan Respublikas\u0131n\u0131n Prezidenti \u0130lham \u018fliyev may\u0131n 21-d\u0259 \u0130ran \u0130slam Respublikas\u0131n\u0131n &ouml;lk\u0259mizd\u0259ki s\u0259firliyind\u0259 olub, \u0130ran \u0130slam Respublikas\u0131n\u0131n Prezidenti Seyid \u0130brahim R\u0259isinin, xarici i\u015fl\u0259r naziri H&uuml;seyn \u018fmir Abdullahiyan\u0131n v\u0259 dig\u0259r m&uuml;\u015fayi\u0259t ed\u0259n \u015f\u0259xsl\u0259rin helikopter q\u0259zas\u0131nda faci\u0259li sur\u0259td\u0259 h\u0259lak olmalar\u0131 il\u0259 \u0259laq\u0259dar ba\u015fsa\u011fl\u0131\u011f\u0131 verib.<\/strong><\/p>\n<p>Ucnoqta.az x\u0259b\u0259r verir ki, \u0130ran \u0130slam Respublikas\u0131n\u0131n &ouml;lk\u0259mizd\u0259ki s\u0259firliyinin m&uuml;v\u0259qq\u0259ti i\u015fl\u0259r v\u0259kili Seyid C\u0259f\u0259r A\u011fayi d&ouml;vl\u0259timizin ba\u015f&ccedil;\u0131s\u0131n\u0131 qar\u015f\u0131lad\u0131.<\/p>\n<p>Az\u0259rbaycan Prezidenti mat\u0259m kitab\u0131na &uuml;r\u0259k s&ouml;zl\u0259rini yazd\u0131.<\/p>\n<p>Sonra s\u0259firliyin m&uuml;v\u0259qq\u0259ti i\u015fl\u0259r v\u0259kili il\u0259 s&ouml;hb\u0259t ed\u0259n Prezident \u0130lham \u018fliyev dedi:<\/p>\n<p>&#8211; \u0130ran \u0130slam Respublikas\u0131n\u0131n Prezidenti c\u0259nab Seyid \u0130brahim R\u0259isinin faci\u0259li \u015f\u0259kild\u0259 h\u0259lak olmas\u0131 bizim ham\u0131m\u0131z\u0131 d\u0259rind\u0259n sars\u0131td\u0131. Onunla b\u0259rab\u0259r xarici i\u015fl\u0259r naziri H&uuml;seyn \u018fmir Abdullahiyan v\u0259 dig\u0259r \u015f\u0259xsl\u0259r faci\u0259li \u015f\u0259kild\u0259 h\u0259lak olublar. Allah onlara r\u0259hm\u0259t el\u0259sin. \u0130ran xalq\u0131n\u0131n ba\u015f\u0131 sa\u011f olsun. Bu, b&ouml;y&uuml;k itkidir. Bu itki t\u0259kc\u0259 \u0130ran xalq\u0131na, d&ouml;vl\u0259tin\u0259 &uuml;z verm\u0259yib, b&uuml;t&uuml;n m&uuml;s\u0259lman al\u0259min\u0259 &uuml;z verib.<\/p>\n<p>Seyid \u0130brahim R\u0259isi b&ouml;y&uuml;k d&ouml;vl\u0259t xadimi idi, g&ouml;rk\u0259mli siyas\u0259t&ccedil;i v\u0259 \u0130ran xalq\u0131n\u0131n etibar\u0131n\u0131 qazanm\u0131\u015f b&ouml;y&uuml;k \u015f\u0259xsiyy\u0259t idi. Onunla &ccedil;oxsayl\u0131 g&ouml;r&uuml;\u015fl\u0259rim h\u0259r zaman m\u0259nd\u0259 &ccedil;ox b&ouml;y&uuml;k t\u0259\u0259ss&uuml;rat izi burax\u0131rd\u0131. Onunla son g&ouml;r&uuml;\u015f&uuml;m is\u0259 tarixi bir g&ouml;r&uuml;\u015f idi. H\u0259m o, h\u0259m d\u0259 m\u0259n bu g&ouml;r&uuml;\u015f&uuml; m\u0259hz tarixi g&ouml;r&uuml;\u015f adland\u0131rm\u0131\u015fd\u0131q. D&ouml;vl\u0259t s\u0259rh\u0259dind\u0259 b&ouml;y&uuml;k infrastruktur layih\u0259sinin a&ccedil;\u0131l\u0131\u015f\u0131nda birg\u0259 i\u015ftirak\u0131m\u0131z \u0130ran-Az\u0259rbaycan \u0259laq\u0259l\u0259rinin n\u0259 q\u0259d\u0259r m&ouml;hk\u0259m olmas\u0131ndan x\u0259b\u0259r verirdi, h\u0259m xalqlar\u0131m\u0131za, h\u0259m b&uuml;t&uuml;n d&uuml;nyaya &ccedil;ox a&ccedil;\u0131q mesaj idi ki, biz dostuq, qarda\u015f\u0131q, biz bundan sonra da birlikd\u0259 olaca\u011f\u0131q. A&ccedil;\u0131l\u0131\u015f m\u0259rasimind\u0259n sonra h\u0259m m\u0259rhum Prezident R\u0259isinin, h\u0259m d\u0259 m\u0259nim r\u0259smi a&ccedil;\u0131qlamalar\u0131m\u0131z &ccedil;ox ciddi siyasi m\u0259na da\u015f\u0131y\u0131rd\u0131. H\u0259r iki Prezident a&ccedil;\u0131q b\u0259yan etmi\u015fdi ki, bu b&ouml;lg\u0259nin g\u0259l\u0259c\u0259k inki\u015faf\u0131nda b&ouml;lg\u0259d\u0259 yerl\u0259\u015f\u0259n &ouml;lk\u0259l\u0259r f\u0259al i\u015ftirak etm\u0259lidirl\u0259r.<\/p>\n<p>Faci\u0259nin ba\u015f verm\u0259si, \u0259lb\u0259tt\u0259 ki, b&ouml;y&uuml;k d\u0259rddir, h\u0259m onun yax\u0131nlar\u0131na, h\u0259m onu tan\u0131yanlara. Amma t\u0259s\u0259lli ver\u0259n odur ki, o, &ouml;z h\u0259yat\u0131n\u0131 \u0130ran xalq\u0131n\u0131n inki\u015faf\u0131na h\u0259sr etmi\u015fdir. \u0130ran d&ouml;vl\u0259tinin milli maraqlar\u0131n\u0131n m&uuml;dafi\u0259 edilm\u0259sind\u0259 onun x&uuml;susi rolu var idi. H\u0259m Prezident v\u0259zif\u0259sind\u0259 &ccedil;al\u0131\u015fd\u0131\u011f\u0131 zaman, h\u0259m ondan \u0259vv\u0259lki d&ouml;vrl\u0259rd\u0259 o, \u0130ran xalq\u0131n\u0131n rifah\u0131n\u0131 yax\u015f\u0131la\u015fd\u0131rma\u011fa &ccedil;al\u0131\u015f\u0131rd\u0131 v\u0259 milli maraqlar\u0131n m&uuml;dafi\u0259sind\u0259 onun b&ouml;y&uuml;k rolu olmu\u015fdur.<\/p>\n<p>Bildiyiniz kimi, faci\u0259d\u0259n \u0259vv\u0259l biz iki saatdan &ccedil;ox birlikd\u0259 idik. Bir saatdan &ccedil;ox davam ed\u0259n ikit\u0259r\u0259fli g&ouml;r&uuml;\u015f \u0259snas\u0131nda bir &ccedil;ox &ouml;n\u0259mli m\u0259s\u0259l\u0259l\u0259r m&uuml;zakir\u0259 edilmi\u015fdir. \u0130ran-Az\u0259rbaycan \u0259laq\u0259l\u0259rinin inki\u015faf\u0131n\u0131n g\u0259l\u0259c\u0259k istiqam\u0259tl\u0259ri bir daha t\u0259sdiql\u0259nmi\u015fdir v\u0259 h\u0259r iki t\u0259r\u0259fin g&uuml;cl&uuml; siyasi irad\u0259si bir daha n&uuml;mayi\u015f etdirilmi\u015fdir. Bununla b\u0259rab\u0259r, biz konkret infrastruktur layih\u0259l\u0259ri haqq\u0131nda geni\u015f fikir m&uuml;badil\u0259si aparm\u0131\u015fd\u0131q, &ouml;n\u0259mli q\u0259rarlar q\u0259bul edilmi\u015fdir. O g&ouml;r&uuml;\u015fd\u0259 i\u015ftirak ed\u0259n \u015f\u0259xsl\u0259r bunu, \u0259min\u0259m ki, \u0130ran\u0131n yeni r\u0259hb\u0259rliyin\u0259 &ccedil;atd\u0131racaqlar. \u018fld\u0259 edilmi\u015f b&uuml;t&uuml;n raz\u0131la\u015fmalar, \u0259min\u0259m ki, icra edil\u0259c\u0259k. &Ccedil;&uuml;nki bu, \u0130ran v\u0259 Az\u0259rbaycan xalqlar\u0131n\u0131n irad\u0259sin\u0259 s&ouml;yk\u0259nir v\u0259 biz m\u0259rhum Prezident R\u0259isi il\u0259 s&ouml;hb\u0259t \u0259snas\u0131nda q\u0259ti irad\u0259mizi bildirdik ki, bundan sonra b&ouml;y&uuml;k layih\u0259l\u0259rin say\u0131 &ccedil;ox olacaq, h\u0259m ikit\u0259r\u0259fli, h\u0259m &ccedil;oxt\u0259r\u0259fli formatda.<\/p>\n<p>\u018ffsuslar olsun ki, g\u0259l\u0259c\u0259k layih\u0259l\u0259rin icras\u0131n\u0131 g&ouml;rm\u0259k ona n\u0259sib olmad\u0131. Tale il\u0259 h\u0259r k\u0259s bar\u0131\u015fmal\u0131d\u0131r. Ancaq yen\u0259 d\u0259 deyir\u0259m, t\u0259s\u0259lli ver\u0259n amil odur ki, &ouml;z h\u0259yat\u0131n\u0131 \u0130ran\u0131n inki\u015faf\u0131na qurban vermi\u015fdir v\u0259 bizim yadda\u015f\u0131m\u0131zda, \u0130ran xalq\u0131n\u0131n, Az\u0259rbaycan xalq\u0131n\u0131n yadda\u015f\u0131nda o, parlaq \u015f\u0259xsiyy\u0259t, b&ouml;y&uuml;k d&ouml;vl\u0259t xadimi, Az\u0259rbaycan d&ouml;vl\u0259tinin v\u0259 xalq\u0131n\u0131n b&ouml;y&uuml;k dostu kimi qalacaq. Bir daha ba\u015f\u0131n\u0131z sa\u011f olsun. Allah r\u0259hm\u0259t el\u0259sin.<\/p>\n<p>x x x<\/p>\n<p>Seyid C\u0259f\u0259r A\u011fayi s\u0259firliy\u0259 g\u0259l\u0259r\u0259k ba\u015fsa\u011fl\u0131\u011f\u0131 verdiyin\u0259 g&ouml;r\u0259 Az\u0259rbaycan Prezidentin\u0259 minn\u0259tdarl\u0131\u011f\u0131n\u0131 bildirdi.<\/p>\n<p><strong>10:42<\/strong><\/p>\n<p><strong>Az\u0259rbaycan Respublikas\u0131n\u0131n Prezidenti \u0130lham \u018fliyev may\u0131n 21-d\u0259 \u0130ran \u0130slam Respublikas\u0131n\u0131n &ouml;lk\u0259mizd\u0259ki s\u0259firliyind\u0259 olub.<\/strong><\/p>\n<p>Ucnoqta.az x\u0259b\u0259r verir ki, d&ouml;vl\u0259t ba\u015f&ccedil;\u0131s\u0131 \u0130ran \u0130slam Respublikas\u0131n\u0131n Prezidenti Seyid \u0130brahim R\u0259isinin, xarici i\u015fl\u0259r naziri H&uuml;seyn \u018fmir Abdullahian\u0131n v\u0259 dig\u0259r m&uuml;\u015fayi\u0259t ed\u0259n \u015f\u0259xsl\u0259rin helikopter q\u0259zas\u0131nda faci\u0259li sur\u0259td\u0259 h\u0259lak olmalar\u0131 \u0259laq\u0259dar ba\u015fsa\u011fl\u0131\u011f\u0131 verib.<\/p>\n<p>&nbsp;<\/p>\n<p><img decoding=\"async\" alt=\"\" src=\"https:\/\/files.modern.az\/articles\/2024\/05\/21\/1716274987_664c44ce17056664c44ce170571716274382664c44ce17054664c44ce17055.jpg\" \/><img decoding=\"async\" alt=\"\" src=\"https:\/\/files.modern.az\/articles\/2024\/05\/21\/1716275003_664c44ce39ed1664c44ce39ed21716274382664c44ce39ece664c44ce39ed0.jpg\" \/><img decoding=\"async\" alt=\"\" src=\"https:\/\/files.modern.az\/articles\/2024\/05\/21\/1716274990_664c44ce4a7d9664c44ce4a7da1716274382664c44ce4a7d6664c44ce4a7d7.jpg\" \/><img decoding=\"async\" alt=\"\" src=\"https:\/\/files.modern.az\/articles\/2024\/05\/21\/1716275039_664c44ce2739d664c44ce2739e1716274382664c44ce2739a664c44ce2739b.jpg\" \/><\/p>\n","protected":false},"excerpt":{"rendered":"<p>Az\u0259rbaycan Respublikas\u0131n\u0131n Prezidenti \u0130lham \u018fliyev may\u0131n 21-d\u0259 \u0130ran \u0130slam Respublikas\u0131n\u0131n &ouml;lk\u0259mizd\u0259ki s\u0259firliyind\u0259 olub, \u0130ran \u0130slam Respublikas\u0131n\u0131n Prezidenti Seyid \u0130brahim R\u0259isinin, xarici i\u015fl\u0259r naziri H&uuml;seyn \u018fmir Abdullahiyan\u0131n v\u0259 dig\u0259r m&uuml;\u015fayi\u0259t ed\u0259n&hellip;<\/p>\n","protected":false},"author":1,"featured_media":251278,"comment_status":"open","ping_status":"open","sticky":false,"template":"","format":"standard","meta":{"_lmt_disableupdate":"","_lmt_disable":"","footnotes":""},"categories":[86],"tags":[],"class_list":["post-202556","post","type-post","status-publish","format-standard","has-post-thumbnail","hentry","category-siyaset"],"_links":{"self":[{"href":"https:\/\/ucnoqta.az\/index.php?rest_route=\/wp\/v2\/posts\/202556","targetHints":{"allow":["GET"]}}],"collection":[{"href":"https:\/\/ucnoqta.az\/index.php?rest_route=\/wp\/v2\/posts"}],"about":[{"href":"https:\/\/ucnoqta.az\/index.php?rest_route=\/wp\/v2\/types\/post"}],"author":[{"embeddable":true,"href":"https:\/\/ucnoqta.az\/index.php?rest_route=\/wp\/v2\/users\/1"}],"replies":[{"embeddable":true,"href":"https:\/\/ucnoqta.az\/index.php?rest_route=%2Fwp%2Fv2%2Fcomments&post=202556"}],"version-history":[{"count":0,"href":"https:\/\/ucnoqta.az\/index.php?rest_route=\/wp\/v2\/posts\/202556\/revisions"}],"wp:featuredmedia":[{"embeddable":true,"href":"https:\/\/ucnoqta.az\/index.php?rest_route=\/wp\/v2\/media\/251278"}],"wp:attachment":[{"href":"https:\/\/ucnoqta.az\/index.php?rest_route=%2Fwp%2Fv2%2Fmedia&parent=202556"}],"wp:term":[{"taxonomy":"category","embeddable":true,"href":"https:\/\/ucnoqta.az\/index.php?rest_route=%2Fwp%2Fv2%2Fcategories&post=202556"},{"taxonomy":"post_tag","embeddable":true,"href":"https:\/\/ucnoqta.az\/index.php?rest_route=%2Fwp%2Fv2%2Ftags&post=202556"}],"curies":[{"name":"wp","href":"https:\/\/api.w.org\/{rel}","templated":true}]}}