{"id":202553,"date":"2024-05-21T09:10:38","date_gmt":"2024-05-21T05:10:38","guid":{"rendered":""},"modified":"-0001-11-30T00:00:00","modified_gmt":"-0001-11-29T20:00:00","slug":"","status":"publish","type":"post","link":"https:\/\/ucnoqta.az\/?p=202553","title":{"rendered":"\u0130ran prezidentinin helikopterinin q\u0259zas\u0131 il\u0259 ba\u011fl\u0131 yeni"},"content":{"rendered":"<p>May\u0131n 19-da g&ouml;y\u0259rt\u0259sind\u0259 \u0130ran prezidenti \u0130brahim R\u0259isinin oldu\u011fu helikopter laz\u0131mi naviqasiya v\u0259 siqnal avadanl\u0131\u011f\u0131 il\u0259 t\u0259chiz edilib.<\/p>\n<p>Ucnoqta.az x\u0259b\u0259r verir ki, &ldquo;T&uuml;rkiy\u0259&rdquo; q\u0259zeti \u0130ran\u0131n k\u0259\u015ffiyyat xidm\u0259tl\u0259rind\u0259ki m\u0259nb\u0259l\u0259r\u0259 istinad\u0259n iddia edir ki, onu \u0130slam \u0130nqilab\u0131 Ke\u015fik&ccedil;il\u0259ri Korpusu (SEPAH) yox, ordu pilotlar\u0131 idar\u0259 edib.<\/p>\n<p>Onlar\u0131n s&ouml;zl\u0259rin\u0259 g&ouml;r\u0259, son anda R\u0259isinin g&ouml;y\u0259rt\u0259sind\u0259 oldu\u011fu helikopterin s\u0259rni\u015finl\u0259rinin siyah\u0131s\u0131nda d\u0259yi\u015fiklik edilib. M\u0259nb\u0259l\u0259rin bildirdiyin\u0259 g&ouml;r\u0259, siyah\u0131ya xarici i\u015fl\u0259r naziri H&uuml;seyn \u018fmir Abdullahian v\u0259 ilkin olaraq Az\u0259rbaycandan ikinci helikopterl\u0259 \u0130rana u&ccedil;mal\u0131 olan dig\u0259r \u015f\u0259xsl\u0259r d\u0259 var.<\/p>\n<p>N\u0259\u015frin m\u0259lumat\u0131na g&ouml;r\u0259, \u0259g\u0259r \u0259vv\u0259ll\u0259r vertolyotu SEPAH pilotlar\u0131 idar\u0259 edirdis\u0259, bu d\u0259f\u0259 ekipaj ordunun \u015f\u0259xsi hey\u0259tind\u0259n ibar\u0259t olub. Helikopterin &ouml;z&uuml; &uuml;&ccedil; n&ouml;v izl\u0259m\u0259 cihaz\u0131 il\u0259 t\u0259chiz edilib. Orada standart GPS v\u0259 transponderl\u0259 yana\u015f\u0131, siqnal\u0131n 72 saat fasil\u0259siz &ouml;t&uuml;r&uuml;lm\u0259sini t\u0259min ed\u0259n x&uuml;susi sistem qura\u015fd\u0131r\u0131l\u0131b. Bu v\u0259ziyy\u0259t\u0259 baxmayaraq, helikopterin q\u0259zaya u\u011frad\u0131\u011f\u0131 yer d\u0259rhal m&uuml;\u0259yy\u0259n edilm\u0259yib.<\/p>\n<p>Tehrandak\u0131 T&uuml;rkiy\u0259nin istinad etdiyi m\u0259nb\u0259l\u0259r d\u0259 s\u0259hh\u0259tind\u0259n \u0259ziyy\u0259t &ccedil;\u0259k\u0259n \u0130ran\u0131n 85 ya\u015fl\u0131 ali dini lideri \u018fli Xamneyinin yerin\u0259 \u0259n &ccedil;ox ehtimal olunan namiz\u0259dl\u0259rd\u0259n biri hesab edil\u0259n R\u0259isinin v\u0259zif\u0259d\u0259n uzaqla\u015fd\u0131r\u0131lmas\u0131 \u0259m\u0259liyyat\u0131 kimi qiym\u0259tl\u0259ndirib. Q\u0259zet yaz\u0131r: &ldquo;Bir versiyaya g&ouml;r\u0259, R\u0259isi bu siyah\u0131da laz\u0131m deyildi v\u0259 aradan qald\u0131r\u0131ld\u0131&rdquo;. Xamneyinin yerin\u0259 namiz\u0259dl\u0259r aras\u0131nda onun 55 ya\u015fl\u0131 o\u011flu M&uuml;ct\u0259ba Xamenei v\u0259 parlamentin s\u0259dri M\u0259h\u0259mm\u0259d Baqir Qalibaf da var.\/\/\/tass<\/p>\n","protected":false},"excerpt":{"rendered":"<p>May\u0131n 19-da g&ouml;y\u0259rt\u0259sind\u0259 \u0130ran prezidenti \u0130brahim R\u0259isinin oldu\u011fu helikopter laz\u0131mi naviqasiya v\u0259 siqnal avadanl\u0131\u011f\u0131 il\u0259 t\u0259chiz edilib. Ucnoqta.az x\u0259b\u0259r verir ki, &ldquo;T&uuml;rkiy\u0259&rdquo; q\u0259zeti \u0130ran\u0131n k\u0259\u015ffiyyat xidm\u0259tl\u0259rind\u0259ki m\u0259nb\u0259l\u0259r\u0259 istinad\u0259n iddia edir&hellip;<\/p>\n","protected":false},"author":1,"featured_media":251278,"comment_status":"open","ping_status":"open","sticky":false,"template":"","format":"standard","meta":{"_lmt_disableupdate":"","_lmt_disable":"","footnotes":""},"categories":[],"tags":[],"class_list":["post-202553","post","type-post","status-publish","format-standard","has-post-thumbnail","hentry"],"_links":{"self":[{"href":"https:\/\/ucnoqta.az\/index.php?rest_route=\/wp\/v2\/posts\/202553","targetHints":{"allow":["GET"]}}],"collection":[{"href":"https:\/\/ucnoqta.az\/index.php?rest_route=\/wp\/v2\/posts"}],"about":[{"href":"https:\/\/ucnoqta.az\/index.php?rest_route=\/wp\/v2\/types\/post"}],"author":[{"embeddable":true,"href":"https:\/\/ucnoqta.az\/index.php?rest_route=\/wp\/v2\/users\/1"}],"replies":[{"embeddable":true,"href":"https:\/\/ucnoqta.az\/index.php?rest_route=%2Fwp%2Fv2%2Fcomments&post=202553"}],"version-history":[{"count":0,"href":"https:\/\/ucnoqta.az\/index.php?rest_route=\/wp\/v2\/posts\/202553\/revisions"}],"wp:featuredmedia":[{"embeddable":true,"href":"https:\/\/ucnoqta.az\/index.php?rest_route=\/wp\/v2\/media\/251278"}],"wp:attachment":[{"href":"https:\/\/ucnoqta.az\/index.php?rest_route=%2Fwp%2Fv2%2Fmedia&parent=202553"}],"wp:term":[{"taxonomy":"category","embeddable":true,"href":"https:\/\/ucnoqta.az\/index.php?rest_route=%2Fwp%2Fv2%2Fcategories&post=202553"},{"taxonomy":"post_tag","embeddable":true,"href":"https:\/\/ucnoqta.az\/index.php?rest_route=%2Fwp%2Fv2%2Ftags&post=202553"}],"curies":[{"name":"wp","href":"https:\/\/api.w.org\/{rel}","templated":true}]}}