{"id":202537,"date":"2024-05-21T05:07:40","date_gmt":"2024-05-21T01:07:40","guid":{"rendered":""},"modified":"-0001-11-30T00:00:00","modified_gmt":"-0001-11-29T20:00:00","slug":"","status":"publish","type":"post","link":"https:\/\/ucnoqta.az\/?p=202537","title":{"rendered":"D\u00fcnyan\u0131n \u0259n b\u00f6y\u00fck heyvan\u0131 hans\u0131d\u0131r? &#8211;"},"content":{"rendered":"<p><strong>D&uuml;nyada fiziki, ya\u015fay\u0131\u015f yerl\u0259ri v\u0259 qidalanma \u015f\u0259raiti il\u0259 &ccedil;oxlu heyvan n&ouml;vl\u0259ri m&ouml;vcuddur. Bu n&ouml;vl\u0259r, x&uuml;sus\u0259n d\u0259 b\u0259zil\u0259ri &uuml;&ccedil;&uuml;n n\u0259h\u0259ng &ouml;l&ccedil;&uuml;l\u0259ri il\u0259 &ccedil;ox \u0259z\u0259m\u0259tli t\u0259\u0259ss&uuml;rat yarad\u0131r. Bunlar\u0131n aras\u0131nda x&uuml;susil\u0259 mavi balinan\u0131 d&uuml;nyan\u0131n \u0259n b&ouml;y&uuml;k heyvan\u0131 kimi t\u0259svir etm\u0259k olar.<\/strong><\/p>\n<p>O q\u0259d\u0259r ki, erk\u0259k mavi balinalar\u0131n boyu 25 metr\u0259 &ccedil;atd\u0131\u011f\u0131 halda, di\u015fi mavi balinalar\u0131n &ouml;l&ccedil;&uuml;s&uuml; 27 metr\u0259 &ccedil;at\u0131r.&nbsp;<br \/>\nUcnoqta.az x\u0259b\u0259r verir ki, m&uuml;xt\u0259lif &ouml;l&ccedil;&uuml;l&uuml; heyvanlar d&uuml;nyan\u0131n m&uuml;xt\u0259lif yerl\u0259rind\u0259 ya\u015fay\u0131rlar. Onlar\u0131n b\u0259zil\u0259ri d\u0259nizd\u0259, b\u0259zil\u0259ri quruda, b\u0259zil\u0259ri is\u0259 havada sa\u011f qal\u0131r. Bu kontekstd\u0259 d&uuml;nyan\u0131n \u0259n b&ouml;y&uuml;k heyvan\u0131n\u0131n d\u0259nizd\u0259 ya\u015fad\u0131\u011f\u0131n\u0131 s&ouml;yl\u0259m\u0259k m&uuml;mk&uuml;nd&uuml;r.<br \/>\nBu, mavi balina kimi se&ccedil;ilir. Ba\u015fdan quyru\u011fa q\u0259d\u0259r olan n\u0259h\u0259ng &ouml;l&ccedil;&uuml;s&uuml;, x&uuml;sus\u0259n d\u0259 di\u015fil\u0259rd\u0259 27 metr\u0259 &ccedil;at\u0131r. Bu bax\u0131mdan erk\u0259kl\u0259rin uzunlu\u011fu 25 metr\u0259 q\u0259d\u0259r ola bil\u0259r. &Ouml;l&ccedil;&uuml;l\u0259ri il\u0259 onlar bir &ccedil;ox g\u0259mil\u0259rd\u0259n daha b&ouml;y&uuml;k v\u0259 enlidirl\u0259r.<\/p>\n<p>D&uuml;nyada m&uuml;xt\u0259lif &ouml;l&ccedil;&uuml;l\u0259rd\u0259 m&ouml;vcud olan bir &ccedil;ox m&uuml;h&uuml;m heyvan n&ouml;vl\u0259ri var.&nbsp;<br \/>\n&#8211; Mavi balina<br \/>\n&#8211; Yivli balina<br \/>\n&#8211; N\u0259h\u0259ng kalamar<br \/>\n&#8211; Balina k&ouml;p\u0259kbal\u0131\u011f\u0131<br \/>\n&#8211; A\u011f k&ouml;p\u0259kbal\u0131\u011f\u0131<br \/>\n&#8211; Fil<br \/>\n&#8211; Z&uuml;raf\u0259<br \/>\n&#8211; Anakonda<br \/>\nBu \u015f\u0259kild\u0259 yuxar\u0131dak\u0131 siyah\u0131dak\u0131 heyvanlar boylar\u0131na g&ouml;r\u0259 yuxar\u0131dan a\u015fa\u011f\u0131 s\u0131ralan\u0131r. X&uuml;susil\u0259, uzunlu\u011funa g&ouml;r\u0259 n\u0259z\u0259r\u0259 al\u0131n\u0131rlar. T\u0259bii ki, b\u0259zil\u0259ri dig\u0259rl\u0259rin\u0259 nisb\u0259t\u0259n daha geni\u015f struktura malik olsalar da, daha q\u0131sa struktur vasit\u0259sil\u0259 m&uuml;zakir\u0259 olunurlar. M\u0259s\u0259l\u0259n, bu s\u0259b\u0259bd\u0259n fill\u0259r n\u0259h\u0259ng kalamardan sonra g\u0259lirl\u0259r.<br \/>\nD&uuml;nyan\u0131n \u0259n b&ouml;y&uuml;k v\u0259 \u0259n a\u011f\u0131r heyvan\u0131 hans\u0131d\u0131r?<br \/>\nHeyvanlar h\u0259m &ouml;l&ccedil;&uuml;l\u0259ri, h\u0259m d\u0259 &ccedil;\u0259kil\u0259ri il\u0259 se&ccedil;ilir. B\u0259zi heyvanlar, x&uuml;sus\u0259n d\u0259 bu m&ouml;vzuda n\u0259h\u0259ng &ouml;l&ccedil;&uuml;l\u0259ri v\u0259 eyni zamanda &ccedil;\u0259kil\u0259ri il\u0259 \u0259h\u0259miyy\u0259tli bir yer\u0259 sahibdirl\u0259r. Bu kontekstd\u0259 \u0259d\u0259biyyatda elmi olaraq s\u0259n\u0259dl\u0259\u015fdiril\u0259n mavi balina 33,5 metr uzunlu\u011fu v\u0259 190 ton a\u011f\u0131rl\u0131\u011f\u0131 il\u0259 diqq\u0259t &ccedil;\u0259kir.<\/p>\n<p>X&uuml;susil\u0259 bu ton &ccedil;\u0259ki mavi balinan\u0131n n\u0259 q\u0259d\u0259r b&ouml;y&uuml;k v\u0259 \u0259z\u0259m\u0259tli oldu\u011funu a&ccedil;\u0131q \u015f\u0259kild\u0259 g&ouml;st\u0259rir. \u018flb\u0259tt\u0259 ki, m&uuml;xt\u0259lif tonajl\u0131 v\u0259 m&uuml;xt\u0259lif ya\u015fay\u0131\u015f yerl\u0259ri olan bir &ccedil;ox ba\u015fqa a\u011f\u0131r heyvanlar var.<\/p>\n","protected":false},"excerpt":{"rendered":"<p>D&uuml;nyada fiziki, ya\u015fay\u0131\u015f yerl\u0259ri v\u0259 qidalanma \u015f\u0259raiti il\u0259 &ccedil;oxlu heyvan n&ouml;vl\u0259ri m&ouml;vcuddur. Bu n&ouml;vl\u0259r, x&uuml;sus\u0259n d\u0259 b\u0259zil\u0259ri &uuml;&ccedil;&uuml;n n\u0259h\u0259ng &ouml;l&ccedil;&uuml;l\u0259ri il\u0259 &ccedil;ox \u0259z\u0259m\u0259tli t\u0259\u0259ss&uuml;rat yarad\u0131r. Bunlar\u0131n aras\u0131nda x&uuml;susil\u0259 mavi balinan\u0131&hellip;<\/p>\n","protected":false},"author":1,"featured_media":251278,"comment_status":"open","ping_status":"open","sticky":false,"template":"","format":"standard","meta":{"_lmt_disableupdate":"","_lmt_disable":"","footnotes":""},"categories":[97],"tags":[],"class_list":["post-202537","post","type-post","status-publish","format-standard","has-post-thumbnail","hentry","category-maraqli"],"_links":{"self":[{"href":"https:\/\/ucnoqta.az\/index.php?rest_route=\/wp\/v2\/posts\/202537","targetHints":{"allow":["GET"]}}],"collection":[{"href":"https:\/\/ucnoqta.az\/index.php?rest_route=\/wp\/v2\/posts"}],"about":[{"href":"https:\/\/ucnoqta.az\/index.php?rest_route=\/wp\/v2\/types\/post"}],"author":[{"embeddable":true,"href":"https:\/\/ucnoqta.az\/index.php?rest_route=\/wp\/v2\/users\/1"}],"replies":[{"embeddable":true,"href":"https:\/\/ucnoqta.az\/index.php?rest_route=%2Fwp%2Fv2%2Fcomments&post=202537"}],"version-history":[{"count":0,"href":"https:\/\/ucnoqta.az\/index.php?rest_route=\/wp\/v2\/posts\/202537\/revisions"}],"wp:featuredmedia":[{"embeddable":true,"href":"https:\/\/ucnoqta.az\/index.php?rest_route=\/wp\/v2\/media\/251278"}],"wp:attachment":[{"href":"https:\/\/ucnoqta.az\/index.php?rest_route=%2Fwp%2Fv2%2Fmedia&parent=202537"}],"wp:term":[{"taxonomy":"category","embeddable":true,"href":"https:\/\/ucnoqta.az\/index.php?rest_route=%2Fwp%2Fv2%2Fcategories&post=202537"},{"taxonomy":"post_tag","embeddable":true,"href":"https:\/\/ucnoqta.az\/index.php?rest_route=%2Fwp%2Fv2%2Ftags&post=202537"}],"curies":[{"name":"wp","href":"https:\/\/api.w.org\/{rel}","templated":true}]}}