{"id":202523,"date":"2024-05-20T17:05:28","date_gmt":"2024-05-20T13:05:28","guid":{"rendered":""},"modified":"-0001-11-30T00:00:00","modified_gmt":"-0001-11-29T20:00:00","slug":"","status":"publish","type":"post","link":"https:\/\/ucnoqta.az\/?p=202523","title":{"rendered":"Prezidentin y\u00fcks\u0259k v\u0259zif\u0259 verdiyi"},"content":{"rendered":"<p><strong>X\u0259b\u0259r verdiyimiz kimi, Prezident \u0130lham \u018fliyevin bu g&uuml;n imzalad\u0131\u011f\u0131 s\u0259r\u0259ncamla \u015eahin Vaqif o\u011flu Bayramov Qaraba\u011f Universitetinin rektoru t\u0259yin edilib.<\/strong><\/p>\n<p>Ucnoqta.az \u015eahin Bayramovun dosyesini t\u0259qdim edir:<br \/>\n\u015e.Bayramov 1979-cu il iyulun 4-d\u0259 Ming\u0259&ccedil;evir \u015f\u0259h\u0259rind\u0259 anadan olub. 1986-c\u0131 ild\u0259 Ming\u0259&ccedil;evir \u015f\u0259h\u0259r 5 sayl\u0131 orta m\u0259kt\u0259binin birinci sinfin\u0259 gedib, 1996-c\u0131 ild\u0259 Ming\u0259&ccedil;evir \u015f\u0259h\u0259r T\u0259bi\u0259t, Riyaziyyat v\u0259 Humanitar Elml\u0259r T\u0259may&uuml;ll&uuml; Liseyini bitirib.<\/p>\n<p>O, 1996-c\u0131 ild\u0259 Az\u0259rbaycan D&ouml;vl\u0259t \u0130qtisad Universitetinin (AD\u0130U) &ldquo;Beyn\u0259lxalq iqtisadi m&uuml;nasib\u0259tl\u0259r&rdquo; fak&uuml;lt\u0259sin\u0259 q\u0259bul olunub, 2000-ci ild\u0259 &ldquo;Beyn\u0259lxalq iqtisadi m&uuml;nasib\u0259tl\u0259r&rdquo; ixtisas\u0131 &uuml;zr\u0259 bakalavr d\u0259r\u0259c\u0259si al\u0131b. 2001-ci ild\u0259 AD\u0130U-nun magistraturas\u0131na q\u0259bul olunub, 2003-c&uuml; ild\u0259 &ldquo;Beyn\u0259lxalq iqtisadi m&uuml;nasib\u0259tl\u0259r&rdquo; ixtisas\u0131 &uuml;zr\u0259 magistr d\u0259r\u0259c\u0259si al\u0131b.<\/p>\n<p>2005-ci ild\u0259 AD\u0130U-nun doktoranturas\u0131na q\u0259bul olunub. 2011-ci ild\u0259 &ldquo;D&uuml;nya iqtisadiyyat\u0131&rdquo; ixtisas\u0131 &uuml;zr\u0259 &ldquo;Avropa \u0130ttifaq\u0131n\u0131n Qon\u015fuluq Siyas\u0259ti v\u0259 Az\u0259rbaycan\u0131n Avropa iqtisadi m\u0259kan\u0131na inteqrasiyas\u0131 perspektivl\u0259ri&rdquo; m&ouml;vzusunda namiz\u0259dlik dissertasiyas\u0131n\u0131 m&uuml;dafi\u0259 edib, 2012-ci ild\u0259 Az\u0259rbaycan Respublikas\u0131n\u0131n Prezidenti yan\u0131nda Ali Attestasiya Komissiyas\u0131n\u0131n q\u0259rar\u0131 il\u0259 &ldquo;iqtisad &uuml;zr\u0259 f\u0259ls\u0259f\u0259 doktoru&rdquo; elmi d\u0259r\u0259c\u0259si al\u0131b.<\/p>\n<p>\u015eahin Bayramov 2005-ci ilin yanvar\u0131ndan 2016-c\u0131 ilin sentyabr ay\u0131nad\u0259k AD\u0130U-nun &ldquo;Beyn\u0259lxalq iqtisadi m&uuml;nasib\u0259tl\u0259r&rdquo; kafedras\u0131nda ba\u015f laborant, m&uuml;\u0259llim, ba\u015f m&uuml;\u0259llim v\u0259 \u0259v\u0259z&ccedil;ilikl\u0259 dosent v\u0259zif\u0259l\u0259rind\u0259 &ccedil;al\u0131\u015f\u0131b. Eyni zamanda, 2005-2009-cu ill\u0259rd\u0259 AD\u0130U-nun Biznesin idar\u0259 edilm\u0259si &uuml;zr\u0259 magistr (MBA) proqram\u0131nda menecer, 2009-2011-ci ill\u0259rd\u0259 AD\u0130U-nun Distant v\u0259 \u0259lav\u0259 t\u0259hsil m\u0259rk\u0259zind\u0259 \u015f&ouml;b\u0259 m&uuml;diri v\u0259zif\u0259l\u0259rind\u0259 &ccedil;al\u0131\u015f\u0131b.<\/p>\n<p>2006-2014-c&uuml; ill\u0259rd\u0259 Az\u0259rbaycan Respublikas\u0131 Milli M\u0259clisinin Elm v\u0259 t\u0259hsil komit\u0259sinin eksperti, el\u0259c\u0259 d\u0259 &ldquo;T\u0259hsil haqq\u0131nda&rdquo; v\u0259 &ldquo;Elm haqq\u0131nda&rdquo; Az\u0259rbaycan Respublikas\u0131 Qanunlar\u0131n\u0131n layih\u0259l\u0259rinin haz\u0131rlanmas\u0131 &uuml;zr\u0259 \u0130\u015f&ccedil;i Qruplar\u0131n\u0131n &uuml;zv&uuml; olub.<br \/>\nO, 2012-ci ilin noyabr\u0131ndan 2017-ci ilin aprel ay\u0131nad\u0259k AD\u0130U-nun Beyn\u0259lxalq \u0259laq\u0259l\u0259r v\u0259 proqramlar &uuml;zr\u0259 prorektoru v\u0259zif\u0259sind\u0259 &ccedil;al\u0131\u015f\u0131b. 2016-c\u0131 ilin sentyabr\u0131ndan AD\u0130U-nun &ldquo;Beyn\u0259lxalq iqtisadiyyat (ingilis dilli)&rdquo; kafedras\u0131nda \u0259v\u0259z&ccedil;ilikl\u0259 dosent v\u0259zif\u0259sind\u0259 &ccedil;al\u0131\u015f\u0131b. 2017-ci ilin aprelind\u0259n 2019-cu ilin iyul ay\u0131nad\u0259k Az\u0259rbaycan Respublikas\u0131n\u0131n T\u0259hsil Nazirliyind\u0259 Elm, ali v\u0259 orta ixtisas t\u0259hsili \u015f&ouml;b\u0259sinin m&uuml;dir m&uuml;avini v\u0259zif\u0259sind\u0259 &ccedil;al\u0131\u015f\u0131b.<\/p>\n<p>2018-ci ilin mart-noyabr aylar\u0131nda &ldquo;&Uuml;mumd&uuml;nya S\u0259rgisi 2025 Bak\u0131&rdquo; (World EXPO 2025 Baku) t\u0259\u015f\u0259bb&uuml;s&uuml;nd\u0259 Az\u0259rbaycan Respublikas\u0131 T\u0259hsil Nazirliyinin koordinatoru olub.<\/p>\n<p>Az\u0259rbaycan Respublikas\u0131 Prezidentinin 31 iyul 2019-cu il tarixli S\u0259r\u0259ncam\u0131 il\u0259 Ming\u0259&ccedil;evir D&ouml;vl\u0259t Universitetinin rektoru t\u0259yin edilib. Yeni Az\u0259rbaycan Partiyas\u0131n\u0131n &uuml;zv&uuml;d&uuml;r.<\/p>\n<p>Evlidir, iki o\u011flu var.<\/p>\n<p>\/\/\/bakivaxti.az<\/p>\n","protected":false},"excerpt":{"rendered":"<p>X\u0259b\u0259r verdiyimiz kimi, Prezident \u0130lham \u018fliyevin bu g&uuml;n imzalad\u0131\u011f\u0131 s\u0259r\u0259ncamla \u015eahin Vaqif o\u011flu Bayramov Qaraba\u011f Universitetinin rektoru t\u0259yin edilib. Ucnoqta.az \u015eahin Bayramovun dosyesini t\u0259qdim edir: \u015e.Bayramov 1979-cu il iyulun 4-d\u0259&hellip;<\/p>\n","protected":false},"author":1,"featured_media":251278,"comment_status":"open","ping_status":"open","sticky":false,"template":"","format":"standard","meta":{"_lmt_disableupdate":"","_lmt_disable":"","footnotes":""},"categories":[],"tags":[],"class_list":["post-202523","post","type-post","status-publish","format-standard","has-post-thumbnail","hentry"],"_links":{"self":[{"href":"https:\/\/ucnoqta.az\/index.php?rest_route=\/wp\/v2\/posts\/202523","targetHints":{"allow":["GET"]}}],"collection":[{"href":"https:\/\/ucnoqta.az\/index.php?rest_route=\/wp\/v2\/posts"}],"about":[{"href":"https:\/\/ucnoqta.az\/index.php?rest_route=\/wp\/v2\/types\/post"}],"author":[{"embeddable":true,"href":"https:\/\/ucnoqta.az\/index.php?rest_route=\/wp\/v2\/users\/1"}],"replies":[{"embeddable":true,"href":"https:\/\/ucnoqta.az\/index.php?rest_route=%2Fwp%2Fv2%2Fcomments&post=202523"}],"version-history":[{"count":0,"href":"https:\/\/ucnoqta.az\/index.php?rest_route=\/wp\/v2\/posts\/202523\/revisions"}],"wp:featuredmedia":[{"embeddable":true,"href":"https:\/\/ucnoqta.az\/index.php?rest_route=\/wp\/v2\/media\/251278"}],"wp:attachment":[{"href":"https:\/\/ucnoqta.az\/index.php?rest_route=%2Fwp%2Fv2%2Fmedia&parent=202523"}],"wp:term":[{"taxonomy":"category","embeddable":true,"href":"https:\/\/ucnoqta.az\/index.php?rest_route=%2Fwp%2Fv2%2Fcategories&post=202523"},{"taxonomy":"post_tag","embeddable":true,"href":"https:\/\/ucnoqta.az\/index.php?rest_route=%2Fwp%2Fv2%2Ftags&post=202523"}],"curies":[{"name":"wp","href":"https:\/\/api.w.org\/{rel}","templated":true}]}}