{"id":202520,"date":"2024-05-20T16:49:34","date_gmt":"2024-05-20T12:49:34","guid":{"rendered":""},"modified":"-0001-11-30T00:00:00","modified_gmt":"-0001-11-29T20:00:00","slug":"","status":"publish","type":"post","link":"https:\/\/ucnoqta.az\/?p=202520","title":{"rendered":"\u0130srailin parlament m\u00fcxalif\u0259tinin lideri BCM-nin orderini"},"content":{"rendered":"<p><strong>\u0130srail parlamentind\u0259ki m&uuml;xalif\u0259t lideri Yair Lapid Beyn\u0259lxalq Cinay\u0259t M\u0259hk\u0259m\u0259sinin (BCM) \u0130srailin ba\u015f naziri Benyamin Netanyahu v\u0259 m&uuml;dafi\u0259 naziri Yoav Qalant\u0131n Q\u0259zza zola\u011f\u0131ndak\u0131 v\u0259ziyy\u0259tl\u0259 ba\u011fl\u0131 m&uuml;mk&uuml;n h\u0259bs orderinin verilm\u0259sini &ldquo;siyasi v\u0259 m\u0259n\u0259vi f\u0259lak\u0259t&rdquo; adland\u0131r\u0131b.<\/strong><\/p>\n<p>Ucnoqta.az x\u0259b\u0259r verir ki, bu bar\u0259d\u0259 Ynet portal\u0131 yaz\u0131b<\/p>\n<p>&ldquo;Bu, siyasi v\u0259 m\u0259n\u0259vi f\u0259lak\u0259tdir. Oktyabr\u0131n 7-d\u0259 &ouml;ld&uuml;r&uuml;ld&uuml;kd\u0259n sonra he&ccedil; bir h\u0259bs q\u0259rar\u0131 veril\u0259 bilm\u0259z. Bu ba\u011f\u0131\u015flanmazd\u0131r. Biz bunu s\u0259ssizc\u0259 q\u0259bul etm\u0259y\u0259c\u0259yik&rdquo;, &ndash; o, parlamentd\u0259 t\u0259msil etdiyi &ldquo;Ye\u015f Atid&rdquo; fraksiyas\u0131n\u0131n iclas\u0131n\u0131n a&ccedil;\u0131l\u0131\u015f\u0131nda deyib.<\/p>\n<p>Eyni zamanda, o, Netanyahunu u\u011fursuz siyas\u0259t\u0259 g&ouml;r\u0259 t\u0259nqid edib v\u0259 bu, onun fikrinc\u0259, BCM-nin bu m&ouml;vqeyin\u0259 g\u0259tirib &ccedil;\u0131xar\u0131b.<\/p>\n<p>&quot;Bu, d\u0259h\u015f\u0259tli siyasi u\u011fursuzluqdur, biz m&uuml;harib\u0259y\u0259 ba\u015flayanda b&uuml;t&uuml;n d&uuml;nya bizim t\u0259r\u0259fimizd\u0259 idi v\u0259 bu, \u0259n pis \u015f\u0259kild\u0259 siyasi u\u011fursuzluq olacaq&quot;, &#8211; Lapid hesab edir.<\/p>\n","protected":false},"excerpt":{"rendered":"<p>\u0130srail parlamentind\u0259ki m&uuml;xalif\u0259t lideri Yair Lapid Beyn\u0259lxalq Cinay\u0259t M\u0259hk\u0259m\u0259sinin (BCM) \u0130srailin ba\u015f naziri Benyamin Netanyahu v\u0259 m&uuml;dafi\u0259 naziri Yoav Qalant\u0131n Q\u0259zza zola\u011f\u0131ndak\u0131 v\u0259ziyy\u0259tl\u0259 ba\u011fl\u0131 m&uuml;mk&uuml;n h\u0259bs orderinin verilm\u0259sini &ldquo;siyasi v\u0259&hellip;<\/p>\n","protected":false},"author":1,"featured_media":251278,"comment_status":"open","ping_status":"open","sticky":false,"template":"","format":"standard","meta":{"_lmt_disableupdate":"","_lmt_disable":"","footnotes":""},"categories":[89],"tags":[],"class_list":["post-202520","post","type-post","status-publish","format-standard","has-post-thumbnail","hentry","category-dunya-butun-xeberler"],"_links":{"self":[{"href":"https:\/\/ucnoqta.az\/index.php?rest_route=\/wp\/v2\/posts\/202520","targetHints":{"allow":["GET"]}}],"collection":[{"href":"https:\/\/ucnoqta.az\/index.php?rest_route=\/wp\/v2\/posts"}],"about":[{"href":"https:\/\/ucnoqta.az\/index.php?rest_route=\/wp\/v2\/types\/post"}],"author":[{"embeddable":true,"href":"https:\/\/ucnoqta.az\/index.php?rest_route=\/wp\/v2\/users\/1"}],"replies":[{"embeddable":true,"href":"https:\/\/ucnoqta.az\/index.php?rest_route=%2Fwp%2Fv2%2Fcomments&post=202520"}],"version-history":[{"count":0,"href":"https:\/\/ucnoqta.az\/index.php?rest_route=\/wp\/v2\/posts\/202520\/revisions"}],"wp:featuredmedia":[{"embeddable":true,"href":"https:\/\/ucnoqta.az\/index.php?rest_route=\/wp\/v2\/media\/251278"}],"wp:attachment":[{"href":"https:\/\/ucnoqta.az\/index.php?rest_route=%2Fwp%2Fv2%2Fmedia&parent=202520"}],"wp:term":[{"taxonomy":"category","embeddable":true,"href":"https:\/\/ucnoqta.az\/index.php?rest_route=%2Fwp%2Fv2%2Fcategories&post=202520"},{"taxonomy":"post_tag","embeddable":true,"href":"https:\/\/ucnoqta.az\/index.php?rest_route=%2Fwp%2Fv2%2Ftags&post=202520"}],"curies":[{"name":"wp","href":"https:\/\/api.w.org\/{rel}","templated":true}]}}