{"id":202497,"date":"2024-05-20T14:52:30","date_gmt":"2024-05-20T10:52:30","guid":{"rendered":""},"modified":"-0001-11-30T00:00:00","modified_gmt":"-0001-11-29T20:00:00","slug":"","status":"publish","type":"post","link":"https:\/\/ucnoqta.az\/?p=202497","title":{"rendered":"Xank\u0259ndiy\u0259 prokuror"},"content":{"rendered":"<p><strong>Ba\u015f prokuror Kamran \u018fliyevin m&uuml;vafiq \u0259mrin\u0259 \u0259sas\u0259n R\u0259\u015fad\u0259t Orucov Xank\u0259ndi \u015f\u0259h\u0259r prokuroru v\u0259zif\u0259sin\u0259 t\u0259yin edilib.<\/strong><\/p>\n<p>Ucnoqta.az x\u0259b\u0259r verir ki, m\u0259lumat\u0131 Ba\u015f prokurorlu\u011fun M\u0259tbuat xidm\u0259ti yay\u0131b.<\/p>\n<p>Bildirilir ki, R\u0259\u015fad\u0259t Orucov 2012-ci ild\u0259 m&uuml;sabiq\u0259 yolu il\u0259 prokurorluq orqanlar\u0131nda qullu\u011fa q\u0259bul olunub. \u018fvv\u0259ll\u0259r Ming\u0259&ccedil;evir \u015f\u0259h\u0259r prokurorlu\u011funun m&uuml;st\u0259ntiq v\u0259 b&ouml;y&uuml;k m&uuml;st\u0259ntiqi, Tovuz rayon prokurorlu\u011fun b&ouml;y&uuml;k m&uuml;st\u0259ntiqi, Bak\u0131 \u015f\u0259h\u0259r prokurorlu\u011funun \u0130stintaq idar\u0259sinin b&ouml;y&uuml;k prokuroru v\u0259zif\u0259l\u0259rind\u0259 &ccedil;al\u0131\u015f\u0131b. 2019-cu ild\u0259n haz\u0131rk\u0131 vaxtad\u0259k Yasamal rayon \u0440r\u043ekurorunun m&uuml;avini v\u0259zif\u0259sind\u0259 i\u015fl\u0259yirdi.<\/p>\n<p>Qeyd ed\u0259k ki, Qubadl\u0131 rayonunda anadan olan R\u0259\u015fad Orucov 8 ya\u015f\u0131nda erm\u0259ni i\u015f\u011fal\u0131 n\u0259tic\u0259sind\u0259 ail\u0259si il\u0259 birg\u0259 m\u0259cburi k&ouml;&ccedil;k&uuml;n d&uuml;\u015f&uuml;b.<\/p>\n<p>Xat\u0131rladaq ki, Az\u0259rbaycan Respublikas\u0131n\u0131n Prezidenti c\u0259nab \u0130lham \u018fliyevin 4 May 2024-c&uuml; il tarixli S\u0259r\u0259ncam\u0131 il\u0259 Xank\u0259ndi \u015f\u0259h\u0259r prokurorlu\u011fu yarad\u0131l\u0131b.<\/p>\n","protected":false},"excerpt":{"rendered":"<p>Ba\u015f prokuror Kamran \u018fliyevin m&uuml;vafiq \u0259mrin\u0259 \u0259sas\u0259n R\u0259\u015fad\u0259t Orucov Xank\u0259ndi \u015f\u0259h\u0259r prokuroru v\u0259zif\u0259sin\u0259 t\u0259yin edilib. Ucnoqta.az x\u0259b\u0259r verir ki, m\u0259lumat\u0131 Ba\u015f prokurorlu\u011fun M\u0259tbuat xidm\u0259ti yay\u0131b. Bildirilir ki, R\u0259\u015fad\u0259t Orucov 2012-ci&hellip;<\/p>\n","protected":false},"author":1,"featured_media":251278,"comment_status":"open","ping_status":"open","sticky":false,"template":"","format":"standard","meta":{"_lmt_disableupdate":"","_lmt_disable":"","footnotes":""},"categories":[],"tags":[],"class_list":["post-202497","post","type-post","status-publish","format-standard","has-post-thumbnail","hentry"],"_links":{"self":[{"href":"https:\/\/ucnoqta.az\/index.php?rest_route=\/wp\/v2\/posts\/202497","targetHints":{"allow":["GET"]}}],"collection":[{"href":"https:\/\/ucnoqta.az\/index.php?rest_route=\/wp\/v2\/posts"}],"about":[{"href":"https:\/\/ucnoqta.az\/index.php?rest_route=\/wp\/v2\/types\/post"}],"author":[{"embeddable":true,"href":"https:\/\/ucnoqta.az\/index.php?rest_route=\/wp\/v2\/users\/1"}],"replies":[{"embeddable":true,"href":"https:\/\/ucnoqta.az\/index.php?rest_route=%2Fwp%2Fv2%2Fcomments&post=202497"}],"version-history":[{"count":0,"href":"https:\/\/ucnoqta.az\/index.php?rest_route=\/wp\/v2\/posts\/202497\/revisions"}],"wp:featuredmedia":[{"embeddable":true,"href":"https:\/\/ucnoqta.az\/index.php?rest_route=\/wp\/v2\/media\/251278"}],"wp:attachment":[{"href":"https:\/\/ucnoqta.az\/index.php?rest_route=%2Fwp%2Fv2%2Fmedia&parent=202497"}],"wp:term":[{"taxonomy":"category","embeddable":true,"href":"https:\/\/ucnoqta.az\/index.php?rest_route=%2Fwp%2Fv2%2Fcategories&post=202497"},{"taxonomy":"post_tag","embeddable":true,"href":"https:\/\/ucnoqta.az\/index.php?rest_route=%2Fwp%2Fv2%2Ftags&post=202497"}],"curies":[{"name":"wp","href":"https:\/\/api.w.org\/{rel}","templated":true}]}}