{"id":202474,"date":"2024-05-20T10:28:05","date_gmt":"2024-05-20T06:28:05","guid":{"rendered":""},"modified":"-0001-11-30T00:00:00","modified_gmt":"-0001-11-29T20:00:00","slug":"","status":"publish","type":"post","link":"https:\/\/ucnoqta.az\/?p=202474","title":{"rendered":"\u0130lham \u018fliyev Xameneyiy\u0259 ba\u015fsa\u011fl\u0131\u011f\u0131 verdi"},"content":{"rendered":"<p>Prezident \u0130lham \u018fliyev \u0130ran \u0130slam Respublikas\u0131n\u0131n Ali R\u0259hb\u0259ri Ay\u0259tullah Seyid \u018fli Xameneyiy\u0259 ba\u015fsa\u011fl\u0131\u011f\u0131 verib.&nbsp;<\/p>\n<p>Ucnoqta.az x\u0259b\u0259r verir ki, ba\u015fsa\u011fl\u0131\u011f\u0131nda deyilir:&nbsp;<\/p>\n<p>&ldquo;M&ouml;ht\u0259r\u0259m Ay\u0259tullah Xameneyi h\u0259zr\u0259tl\u0259ri,<\/p>\n<p>Dost v\u0259 qarda\u015f \u0130ran \u0130slam Respublikas\u0131na v\u0259 xalq\u0131na &uuml;z vermi\u015f a\u011f\u0131r itki &#8211; \u0130ran \u0130slam Respublikas\u0131n\u0131n Prezidenti Seyid \u0130brahim R\u0259isinin, xarici i\u015fl\u0259r naziri H&uuml;seyn \u018fmir Abdullahiyan\u0131n v\u0259 dig\u0259r m&uuml;\u015fayi\u0259t ed\u0259n \u015f\u0259xsl\u0259rin helikopter q\u0259zas\u0131nda faci\u0259li sur\u0259td\u0259 h\u0259lak olmas\u0131 x\u0259b\u0259ri bizi olduqca sars\u0131td\u0131.<\/p>\n<p>Prezident Seyid \u0130brahim R\u0259isinin simas\u0131nda \u0130ran xalq\u0131 b&uuml;t&uuml;n h\u0259yat\u0131n\u0131 &ouml;lk\u0259sin\u0259 f\u0259dakarl\u0131qla v\u0259 s\u0259daq\u0259tl\u0259 xidm\u0259t etmi\u015f g&ouml;rk\u0259mli d&ouml;vl\u0259t xadimini itirdi. Onun \u0259ziz xatir\u0259si q\u0259lbimizd\u0259 daim ya\u015fayacaqd\u0131r.<\/p>\n<p>Bu h&uuml;znl&uuml; g&uuml;nd\u0259 Uca Allahdan dost v\u0259 qarda\u015f \u0130ran xalq\u0131na s\u0259bir v\u0259 d&ouml;z&uuml;m dil\u0259yir, k\u0259d\u0259rin\u0259 \u015f\u0259rik oldu\u011fumuzu bildirir, Siz\u0259, h\u0259lak olanlar\u0131n ail\u0259l\u0259rin\u0259 v\u0259 yax\u0131nlar\u0131na, b&uuml;t&uuml;n xalq\u0131n\u0131za \u015f\u0259xs\u0259n &ouml;z ad\u0131mdan v\u0259 Az\u0259rbaycan xalq\u0131 ad\u0131ndan d\u0259rin h&uuml;znl\u0259 ba\u015fsa\u011fl\u0131\u011f\u0131 verir\u0259m.<\/p>\n<p>Allah r\u0259hm\u0259t el\u0259sin!&rdquo;<\/p>\n","protected":false},"excerpt":{"rendered":"<p>Prezident \u0130lham \u018fliyev \u0130ran \u0130slam Respublikas\u0131n\u0131n Ali R\u0259hb\u0259ri Ay\u0259tullah Seyid \u018fli Xameneyiy\u0259 ba\u015fsa\u011fl\u0131\u011f\u0131 verib.&nbsp; Ucnoqta.az x\u0259b\u0259r verir ki, ba\u015fsa\u011fl\u0131\u011f\u0131nda deyilir:&nbsp; &ldquo;M&ouml;ht\u0259r\u0259m Ay\u0259tullah Xameneyi h\u0259zr\u0259tl\u0259ri, Dost v\u0259 qarda\u015f \u0130ran \u0130slam Respublikas\u0131na&hellip;<\/p>\n","protected":false},"author":1,"featured_media":251278,"comment_status":"open","ping_status":"open","sticky":false,"template":"","format":"standard","meta":{"_lmt_disableupdate":"","_lmt_disable":"","footnotes":""},"categories":[86],"tags":[],"class_list":["post-202474","post","type-post","status-publish","format-standard","has-post-thumbnail","hentry","category-siyaset"],"_links":{"self":[{"href":"https:\/\/ucnoqta.az\/index.php?rest_route=\/wp\/v2\/posts\/202474","targetHints":{"allow":["GET"]}}],"collection":[{"href":"https:\/\/ucnoqta.az\/index.php?rest_route=\/wp\/v2\/posts"}],"about":[{"href":"https:\/\/ucnoqta.az\/index.php?rest_route=\/wp\/v2\/types\/post"}],"author":[{"embeddable":true,"href":"https:\/\/ucnoqta.az\/index.php?rest_route=\/wp\/v2\/users\/1"}],"replies":[{"embeddable":true,"href":"https:\/\/ucnoqta.az\/index.php?rest_route=%2Fwp%2Fv2%2Fcomments&post=202474"}],"version-history":[{"count":0,"href":"https:\/\/ucnoqta.az\/index.php?rest_route=\/wp\/v2\/posts\/202474\/revisions"}],"wp:featuredmedia":[{"embeddable":true,"href":"https:\/\/ucnoqta.az\/index.php?rest_route=\/wp\/v2\/media\/251278"}],"wp:attachment":[{"href":"https:\/\/ucnoqta.az\/index.php?rest_route=%2Fwp%2Fv2%2Fmedia&parent=202474"}],"wp:term":[{"taxonomy":"category","embeddable":true,"href":"https:\/\/ucnoqta.az\/index.php?rest_route=%2Fwp%2Fv2%2Fcategories&post=202474"},{"taxonomy":"post_tag","embeddable":true,"href":"https:\/\/ucnoqta.az\/index.php?rest_route=%2Fwp%2Fv2%2Ftags&post=202474"}],"curies":[{"name":"wp","href":"https:\/\/api.w.org\/{rel}","templated":true}]}}