{"id":202462,"date":"2024-05-20T08:37:30","date_gmt":"2024-05-20T04:37:30","guid":{"rendered":""},"modified":"-0001-11-30T00:00:00","modified_gmt":"-0001-11-29T20:00:00","slug":"","status":"publish","type":"post","link":"https:\/\/ucnoqta.az\/?p=202462","title":{"rendered":"\u0130ran\u0131n vitse-prezidenti R\u0259isinin \u00f6l\u00fcm\u00fc il\u0259 ba\u011fl\u0131 x\u0259b\u0259rl\u0259ri t\u0259sdiql\u0259yib"},"content":{"rendered":"<p><strong>\u0130ran\u0131n vitse-prezidenti prezident R\u0259isinin &ouml;l&uuml;m&uuml; il\u0259 ba\u011fl\u0131 x\u0259b\u0259rl\u0259ri t\u0259sdiql\u0259yib<\/strong><\/p>\n<p>Ucnoqta.az x\u0259b\u0259r verir ki, bu bar\u0259d\u0259 R\u0130A Novosti m\u0259lumat yay\u0131b. \u0130ran\u0131n vitse-prezidenti M&ouml;hs&uuml;n M\u0259nsuri prezident \u0130brahim R\u0259isi v\u0259 n&uuml;may\u0259nd\u0259 hey\u0259tinin helikopter q\u0259zas\u0131nda h\u0259lak olmas\u0131 x\u0259b\u0259rini t\u0259sdiql\u0259yib.<\/p>\n<p>Helikopterd\u0259 xarici i\u015fl\u0259r naziri H&uuml;seyn \u018fmir Abdullahian, \u015e\u0259rqi Az\u0259rbaycan vilay\u0259tinin qubernatoru M\u0259l\u0259k R\u0259hm\u0259ti v\u0259 T\u0259briz \u015f\u0259h\u0259rinin c&uuml;m\u0259 imam\u0131 M\u0259h\u0259mm\u0259d \u018fli \u0259l-Ha\u015fim d\u0259 olub.<\/p>\n","protected":false},"excerpt":{"rendered":"<p>\u0130ran\u0131n vitse-prezidenti prezident R\u0259isinin &ouml;l&uuml;m&uuml; il\u0259 ba\u011fl\u0131 x\u0259b\u0259rl\u0259ri t\u0259sdiql\u0259yib Ucnoqta.az x\u0259b\u0259r verir ki, bu bar\u0259d\u0259 R\u0130A Novosti m\u0259lumat yay\u0131b. \u0130ran\u0131n vitse-prezidenti M&ouml;hs&uuml;n M\u0259nsuri prezident \u0130brahim R\u0259isi v\u0259 n&uuml;may\u0259nd\u0259 hey\u0259tinin helikopter&hellip;<\/p>\n","protected":false},"author":1,"featured_media":251278,"comment_status":"open","ping_status":"open","sticky":false,"template":"","format":"standard","meta":{"_lmt_disableupdate":"","_lmt_disable":"","footnotes":""},"categories":[89],"tags":[],"class_list":["post-202462","post","type-post","status-publish","format-standard","has-post-thumbnail","hentry","category-dunya-butun-xeberler"],"_links":{"self":[{"href":"https:\/\/ucnoqta.az\/index.php?rest_route=\/wp\/v2\/posts\/202462","targetHints":{"allow":["GET"]}}],"collection":[{"href":"https:\/\/ucnoqta.az\/index.php?rest_route=\/wp\/v2\/posts"}],"about":[{"href":"https:\/\/ucnoqta.az\/index.php?rest_route=\/wp\/v2\/types\/post"}],"author":[{"embeddable":true,"href":"https:\/\/ucnoqta.az\/index.php?rest_route=\/wp\/v2\/users\/1"}],"replies":[{"embeddable":true,"href":"https:\/\/ucnoqta.az\/index.php?rest_route=%2Fwp%2Fv2%2Fcomments&post=202462"}],"version-history":[{"count":0,"href":"https:\/\/ucnoqta.az\/index.php?rest_route=\/wp\/v2\/posts\/202462\/revisions"}],"wp:featuredmedia":[{"embeddable":true,"href":"https:\/\/ucnoqta.az\/index.php?rest_route=\/wp\/v2\/media\/251278"}],"wp:attachment":[{"href":"https:\/\/ucnoqta.az\/index.php?rest_route=%2Fwp%2Fv2%2Fmedia&parent=202462"}],"wp:term":[{"taxonomy":"category","embeddable":true,"href":"https:\/\/ucnoqta.az\/index.php?rest_route=%2Fwp%2Fv2%2Fcategories&post=202462"},{"taxonomy":"post_tag","embeddable":true,"href":"https:\/\/ucnoqta.az\/index.php?rest_route=%2Fwp%2Fv2%2Ftags&post=202462"}],"curies":[{"name":"wp","href":"https:\/\/api.w.org\/{rel}","templated":true}]}}