{"id":202459,"date":"2024-05-20T07:14:59","date_gmt":"2024-05-20T03:14:59","guid":{"rendered":""},"modified":"-0001-11-30T00:00:00","modified_gmt":"-0001-11-29T20:00:00","slug":"","status":"publish","type":"post","link":"https:\/\/ucnoqta.az\/?p=202459","title":{"rendered":"R\u0259isinin oldu\u011fu helikopterin b\u00fct\u00fcn s\u0259rni\u015finl\u0259ri"},"content":{"rendered":"<p>\u0130randa q\u0259zaya u\u011frayan prezident helikopterind\u0259 olan b&uuml;t&uuml;n s\u0259rni\u015finl\u0259r h\u0259lak olub.<\/p>\n<p>Ucnoqta.az x\u0259b\u0259r verir ki, bu bar\u0259d\u0259 \u0130ran Q\u0131z\u0131l Aypara C\u0259miyy\u0259tinin r\u0259hb\u0259ri Pir H&uuml;seyn Kuliv\u0259nd \u0130ran televiziyas\u0131nda deyib.<\/p>\n<p>&ldquo;Q\u0259zaya u\u011frayan vertolyotun yeri a\u015fkar edildikd\u0259, helikopter s\u0259rni\u015finl\u0259rinin canl\u0131 olmas\u0131na dair he&ccedil; bir \u0259lam\u0259t tap\u0131lmad\u0131. Helikopterd\u0259 xarici i\u015fl\u0259r naziri H&uuml;seyn \u018fmir Abdullahian, \u015e\u0259rqi Az\u0259rbaycan vilay\u0259tinin qubernatoru M\u0259l\u0259k R\u0259hm\u0259ti v\u0259 T\u0259briz \u015f\u0259h\u0259rinin c&uuml;m\u0259 imam\u0131 M\u0259h\u0259mm\u0259d \u018fli Ha\u015fim d\u0259 olub.<\/p>\n","protected":false},"excerpt":{"rendered":"<p>\u0130randa q\u0259zaya u\u011frayan prezident helikopterind\u0259 olan b&uuml;t&uuml;n s\u0259rni\u015finl\u0259r h\u0259lak olub. Ucnoqta.az x\u0259b\u0259r verir ki, bu bar\u0259d\u0259 \u0130ran Q\u0131z\u0131l Aypara C\u0259miyy\u0259tinin r\u0259hb\u0259ri Pir H&uuml;seyn Kuliv\u0259nd \u0130ran televiziyas\u0131nda deyib. &ldquo;Q\u0259zaya u\u011frayan vertolyotun&hellip;<\/p>\n","protected":false},"author":1,"featured_media":251278,"comment_status":"open","ping_status":"open","sticky":false,"template":"","format":"standard","meta":{"_lmt_disableupdate":"","_lmt_disable":"","footnotes":""},"categories":[89],"tags":[],"class_list":["post-202459","post","type-post","status-publish","format-standard","has-post-thumbnail","hentry","category-dunya-butun-xeberler"],"_links":{"self":[{"href":"https:\/\/ucnoqta.az\/index.php?rest_route=\/wp\/v2\/posts\/202459","targetHints":{"allow":["GET"]}}],"collection":[{"href":"https:\/\/ucnoqta.az\/index.php?rest_route=\/wp\/v2\/posts"}],"about":[{"href":"https:\/\/ucnoqta.az\/index.php?rest_route=\/wp\/v2\/types\/post"}],"author":[{"embeddable":true,"href":"https:\/\/ucnoqta.az\/index.php?rest_route=\/wp\/v2\/users\/1"}],"replies":[{"embeddable":true,"href":"https:\/\/ucnoqta.az\/index.php?rest_route=%2Fwp%2Fv2%2Fcomments&post=202459"}],"version-history":[{"count":0,"href":"https:\/\/ucnoqta.az\/index.php?rest_route=\/wp\/v2\/posts\/202459\/revisions"}],"wp:featuredmedia":[{"embeddable":true,"href":"https:\/\/ucnoqta.az\/index.php?rest_route=\/wp\/v2\/media\/251278"}],"wp:attachment":[{"href":"https:\/\/ucnoqta.az\/index.php?rest_route=%2Fwp%2Fv2%2Fmedia&parent=202459"}],"wp:term":[{"taxonomy":"category","embeddable":true,"href":"https:\/\/ucnoqta.az\/index.php?rest_route=%2Fwp%2Fv2%2Fcategories&post=202459"},{"taxonomy":"post_tag","embeddable":true,"href":"https:\/\/ucnoqta.az\/index.php?rest_route=%2Fwp%2Fv2%2Ftags&post=202459"}],"curies":[{"name":"wp","href":"https:\/\/api.w.org\/{rel}","templated":true}]}}