{"id":202457,"date":"2024-05-20T06:47:49","date_gmt":"2024-05-20T02:47:49","guid":{"rendered":""},"modified":"-0001-11-30T00:00:00","modified_gmt":"-0001-11-29T20:00:00","slug":"","status":"publish","type":"post","link":"https:\/\/ucnoqta.az\/?p=202457","title":{"rendered":"\u0130ran prezidentinin q\u0259zaya u\u011frayan helikopteri tap\u0131l\u0131b &#8211;"},"content":{"rendered":"<p>Axtar\u0131\u015f-xilasetm\u0259 qruplar\u0131 s\u0259rt eni\u015f ed\u0259n \u0130ran prezidenti \u0130brahim R\u0259isinin helikopterini tap\u0131blar.<\/p>\n<p>Ucnoqta.az x\u0259b\u0259r verir ki, bu bar\u0259d\u0259 \u0130ran Q\u0131z\u0131l Aypara C\u0259miyy\u0259tinin r\u0259hb\u0259ri Pir H&uuml;seyn Kuiv\u0259nd m\u0259lumat verib.<\/p>\n<p>&quot;Helikopter tap\u0131ld\u0131 v\u0259 biz ona do\u011fru gedirik&quot; &#8211; o, IRIB TV-d\u0259 deyib.&nbsp;<\/p>\n<p>O \u0259lav\u0259 edib ki, t\u0259xmin\u0259n 2 km aral\u0131da helikopter g&ouml;r&uuml;n&uuml;b, xilasedicil\u0259r bir ne&ccedil;\u0259 d\u0259qiq\u0259y\u0259 yer\u0259 &ccedil;atacaq. Kulivand qeyd edib ki, t\u0259yyar\u0259nin yerl\u0259\u015fdiyi \u015f\u0259raiti &ldquo;yax\u015f\u0131 adland\u0131rmaq olmaz&rdquo;.<\/p>\n<p>\u0130slam \u0130nqilab\u0131 Ke\u015fik&ccedil;il\u0259ri Korpusunun (SEPAH) komandan\u0131 general-leytenant H&uuml;seyn S\u0259lami axtar\u0131\u015f qruplar\u0131n\u0131n t\u0259yyar\u0259ni tapd\u0131\u011f\u0131n\u0131 v\u0259 q\u0259za yerin\u0259 getdiyini t\u0259sdiql\u0259yib.<\/p>\n<p>Reutersin m\u0259lumat\u0131na g&ouml;r\u0259 helikopter tamamil\u0259 yan\u0131b.&nbsp;<\/p>\n","protected":false},"excerpt":{"rendered":"<p>Axtar\u0131\u015f-xilasetm\u0259 qruplar\u0131 s\u0259rt eni\u015f ed\u0259n \u0130ran prezidenti \u0130brahim R\u0259isinin helikopterini tap\u0131blar. Ucnoqta.az x\u0259b\u0259r verir ki, bu bar\u0259d\u0259 \u0130ran Q\u0131z\u0131l Aypara C\u0259miyy\u0259tinin r\u0259hb\u0259ri Pir H&uuml;seyn Kuiv\u0259nd m\u0259lumat verib. &quot;Helikopter tap\u0131ld\u0131 v\u0259&hellip;<\/p>\n","protected":false},"author":1,"featured_media":251278,"comment_status":"open","ping_status":"open","sticky":false,"template":"","format":"standard","meta":{"_lmt_disableupdate":"","_lmt_disable":"","footnotes":""},"categories":[89],"tags":[],"class_list":["post-202457","post","type-post","status-publish","format-standard","has-post-thumbnail","hentry","category-dunya-butun-xeberler"],"_links":{"self":[{"href":"https:\/\/ucnoqta.az\/index.php?rest_route=\/wp\/v2\/posts\/202457","targetHints":{"allow":["GET"]}}],"collection":[{"href":"https:\/\/ucnoqta.az\/index.php?rest_route=\/wp\/v2\/posts"}],"about":[{"href":"https:\/\/ucnoqta.az\/index.php?rest_route=\/wp\/v2\/types\/post"}],"author":[{"embeddable":true,"href":"https:\/\/ucnoqta.az\/index.php?rest_route=\/wp\/v2\/users\/1"}],"replies":[{"embeddable":true,"href":"https:\/\/ucnoqta.az\/index.php?rest_route=%2Fwp%2Fv2%2Fcomments&post=202457"}],"version-history":[{"count":0,"href":"https:\/\/ucnoqta.az\/index.php?rest_route=\/wp\/v2\/posts\/202457\/revisions"}],"wp:featuredmedia":[{"embeddable":true,"href":"https:\/\/ucnoqta.az\/index.php?rest_route=\/wp\/v2\/media\/251278"}],"wp:attachment":[{"href":"https:\/\/ucnoqta.az\/index.php?rest_route=%2Fwp%2Fv2%2Fmedia&parent=202457"}],"wp:term":[{"taxonomy":"category","embeddable":true,"href":"https:\/\/ucnoqta.az\/index.php?rest_route=%2Fwp%2Fv2%2Fcategories&post=202457"},{"taxonomy":"post_tag","embeddable":true,"href":"https:\/\/ucnoqta.az\/index.php?rest_route=%2Fwp%2Fv2%2Ftags&post=202457"}],"curies":[{"name":"wp","href":"https:\/\/api.w.org\/{rel}","templated":true}]}}