{"id":201185,"date":"2024-04-30T18:27:14","date_gmt":"2024-04-30T14:27:14","guid":{"rendered":""},"modified":"-0001-11-30T00:00:00","modified_gmt":"-0001-11-29T20:00:00","slug":"","status":"publish","type":"post","link":"https:\/\/ucnoqta.az\/?p=201185","title":{"rendered":"Bu x\u0259st\u0259likl\u0259r geni\u015f yay\u0131lacaq &#8211;"},"content":{"rendered":"<p><strong>\u018fhalinin say\u0131 artmaqdad\u0131r v\u0259 2050-ci il &uuml;&ccedil;&uuml;n d&uuml;nyada 60-dan &ccedil;ox ya\u015f\u0131 olan \u0259halinin say\u0131 iki d\u0259f\u0259 artacaq.<\/strong><\/p>\n<p>Bunu s\u0259hiyy\u0259 naziri Teymur Musayev REAL TV-y\u0259 m&uuml;sahib\u0259sind\u0259 deyib.<\/p>\n<p>Mir \u015eahinin suallar\u0131n\u0131 cavabland\u0131ran nazir bildirib ki, bu uzun&ouml;m&uuml;rl&uuml;l&uuml;k n\u0259tic\u0259sind\u0259 b\u0259zi x\u0259st\u0259likl\u0259r\u0259 daha geni\u015f miqyasda rast g\u0259ldiyimizin \u015fahidi olaca\u011f\u0131q.<\/p>\n<p>&ldquo;Ya\u015fl\u0131 \u0259haliy\u0259 f\u0259rqli s\u0259hiyy\u0259 xidm\u0259tl\u0259ri g&ouml;st\u0259rilm\u0259lidir. Ya\u015fla\u015fan \u0259halinin &ouml;z&uuml;n\u0259m\u0259xsus tibbi probleml\u0259ri g&uuml;nd\u0259m\u0259 g\u0259lir. Bununla ba\u011fl\u0131 S\u0259hiyy\u0259 Nazirliyinin strateji layih\u0259l\u0259ndirm\u0259 qrupu m&ouml;vcuddur. H\u0259min qrup produktiv \u015f\u0259kild\u0259 n&ouml;vb\u0259ti 5, 10, 20 il &uuml;&ccedil;&uuml;n proqnozlar\u0131 haz\u0131rlayaraq bundan ir\u0259li g\u0259l\u0259c\u0259k s\u0259hiyy\u0259 m\u0259s\u0259l\u0259rinin &ccedil;&ouml;z&uuml;lm\u0259si &uuml;&ccedil;&uuml;n h&ouml;kum\u0259t\u0259 bir layih\u0259 t\u0259qdim ed\u0259c\u0259k&rdquo;, &#8211; dey\u0259 o qeyd edib.<\/p>\n<p>Nazir onu da vur\u011fulay\u0131b ki, Az\u0259rbaycanda s\u0259hiyy\u0259 sektorunda &ccedil;al\u0131\u015fan insan kapital\u0131 110 min n\u0259f\u0259rin &uuml;z\u0259rind\u0259dir.<\/p>\n","protected":false},"excerpt":{"rendered":"<p>\u018fhalinin say\u0131 artmaqdad\u0131r v\u0259 2050-ci il &uuml;&ccedil;&uuml;n d&uuml;nyada 60-dan &ccedil;ox ya\u015f\u0131 olan \u0259halinin say\u0131 iki d\u0259f\u0259 artacaq. Bunu s\u0259hiyy\u0259 naziri Teymur Musayev REAL TV-y\u0259 m&uuml;sahib\u0259sind\u0259 deyib. Mir \u015eahinin suallar\u0131n\u0131 cavabland\u0131ran&hellip;<\/p>\n","protected":false},"author":1,"featured_media":251278,"comment_status":"open","ping_status":"open","sticky":false,"template":"","format":"standard","meta":{"_lmt_disableupdate":"","_lmt_disable":"","footnotes":""},"categories":[101],"tags":[],"class_list":["post-201185","post","type-post","status-publish","format-standard","has-post-thumbnail","hentry","category-cemiyyet"],"_links":{"self":[{"href":"https:\/\/ucnoqta.az\/index.php?rest_route=\/wp\/v2\/posts\/201185","targetHints":{"allow":["GET"]}}],"collection":[{"href":"https:\/\/ucnoqta.az\/index.php?rest_route=\/wp\/v2\/posts"}],"about":[{"href":"https:\/\/ucnoqta.az\/index.php?rest_route=\/wp\/v2\/types\/post"}],"author":[{"embeddable":true,"href":"https:\/\/ucnoqta.az\/index.php?rest_route=\/wp\/v2\/users\/1"}],"replies":[{"embeddable":true,"href":"https:\/\/ucnoqta.az\/index.php?rest_route=%2Fwp%2Fv2%2Fcomments&post=201185"}],"version-history":[{"count":0,"href":"https:\/\/ucnoqta.az\/index.php?rest_route=\/wp\/v2\/posts\/201185\/revisions"}],"wp:featuredmedia":[{"embeddable":true,"href":"https:\/\/ucnoqta.az\/index.php?rest_route=\/wp\/v2\/media\/251278"}],"wp:attachment":[{"href":"https:\/\/ucnoqta.az\/index.php?rest_route=%2Fwp%2Fv2%2Fmedia&parent=201185"}],"wp:term":[{"taxonomy":"category","embeddable":true,"href":"https:\/\/ucnoqta.az\/index.php?rest_route=%2Fwp%2Fv2%2Fcategories&post=201185"},{"taxonomy":"post_tag","embeddable":true,"href":"https:\/\/ucnoqta.az\/index.php?rest_route=%2Fwp%2Fv2%2Ftags&post=201185"}],"curies":[{"name":"wp","href":"https:\/\/api.w.org\/{rel}","templated":true}]}}