{"id":201181,"date":"2024-04-30T18:09:41","date_gmt":"2024-04-30T14:09:41","guid":{"rendered":""},"modified":"-0001-11-30T00:00:00","modified_gmt":"-0001-11-29T20:00:00","slug":"","status":"publish","type":"post","link":"https:\/\/ucnoqta.az\/?p=201181","title":{"rendered":"\u00d6t\u0259n g\u00fcn \u00f6lk\u0259 \u00fczr\u0259 q\u0131z\u0131lcaya yoluxma hallar\u0131n\u0131n"},"content":{"rendered":"<p><strong>&ldquo;Bu g&uuml;n b\u0259zi rayonlarda t\u0259k-t\u0259k hallarda olsa&nbsp;da, q\u0131z\u0131lca hadis\u0259si qeyd\u0259 al\u0131n\u0131r&rdquo;.<\/strong><\/p>\n<p>&ldquo;Report&rdquo; x\u0259b\u0259r verir ki, bu&nbsp;bar\u0259d\u0259 S\u0259hiyy\u0259 Nazirliyinin Respublika Gigiyena v\u0259 Epidemiologiya M\u0259rk\u0259zinin (GEM) direktor m&uuml;avini Afaq \u018fliyeva bildirib.<\/p>\n<p>Onun s&ouml;zl\u0259rin\u0259 g&ouml;r\u0259, &ouml;t\u0259n g&uuml;n &ouml;lk\u0259 &uuml;zr\u0259 29 hadis\u0259 qeyd\u0259 al\u0131n\u0131b: &ldquo;R\u0259q\u0259ml\u0259r azalma\u011fa do\u011fru gets\u0259 d\u0259, h\u0259l\u0259 qar\u015f\u0131s\u0131 al\u0131nmay\u0131b. &Ccedil;&uuml;nki h\u0259l\u0259 d\u0259 peyv\u0259ndd\u0259n k\u0259nar qalan insanlar var&rdquo;.<\/p>\n<p>GEM r\u0259smisi xat\u0131rlad\u0131b ki, q\u0131z\u0131lca Az\u0259rbaycanda &ouml;t\u0259n ilin aprel ay\u0131ndan \u0259sas\u0259n xaricd\u0259n g\u0259tirilm\u0259 hallar\u0131 il\u0259 ba\u011fl\u0131 olub: &ldquo;G\u0259tirilm\u0259 faktlar\u0131 ad\u0259t\u0259n Rusiya v\u0259 T&uuml;rkiy\u0259d\u0259n idi. Yoluxma hallar\u0131 da \u0259sas\u0259n peyv\u0259nd olunmayan \u015f\u0259xsl\u0259r aras\u0131ndad\u0131r&rdquo;.<\/p>\n<p>A.\u018fliyeva vur\u011fulay\u0131b ki, h\u0259r il t\u0259xmin\u0259n 10% u\u015faq peyv\u0259ndd\u0259n k\u0259narda qal\u0131r: &ldquo;Bununla da qeyri-immun t\u0259b\u0259q\u0259 yaran\u0131r. N\u0259tic\u0259d\u0259 h\u0259r hans\u0131 x\u0259st\u0259liyin alovlanmas\u0131 zaman\u0131 yoluxma hallar\u0131 da h\u0259dd\u0259n art\u0131q &ccedil;ox olur&rdquo;.<\/p>\n","protected":false},"excerpt":{"rendered":"<p>&ldquo;Bu g&uuml;n b\u0259zi rayonlarda t\u0259k-t\u0259k hallarda olsa&nbsp;da, q\u0131z\u0131lca hadis\u0259si qeyd\u0259 al\u0131n\u0131r&rdquo;. &ldquo;Report&rdquo; x\u0259b\u0259r verir ki, bu&nbsp;bar\u0259d\u0259 S\u0259hiyy\u0259 Nazirliyinin Respublika Gigiyena v\u0259 Epidemiologiya M\u0259rk\u0259zinin (GEM) direktor m&uuml;avini Afaq \u018fliyeva bildirib. Onun&hellip;<\/p>\n","protected":false},"author":1,"featured_media":251278,"comment_status":"open","ping_status":"open","sticky":false,"template":"","format":"standard","meta":{"_lmt_disableupdate":"","_lmt_disable":"","footnotes":""},"categories":[101],"tags":[],"class_list":["post-201181","post","type-post","status-publish","format-standard","has-post-thumbnail","hentry","category-cemiyyet"],"_links":{"self":[{"href":"https:\/\/ucnoqta.az\/index.php?rest_route=\/wp\/v2\/posts\/201181","targetHints":{"allow":["GET"]}}],"collection":[{"href":"https:\/\/ucnoqta.az\/index.php?rest_route=\/wp\/v2\/posts"}],"about":[{"href":"https:\/\/ucnoqta.az\/index.php?rest_route=\/wp\/v2\/types\/post"}],"author":[{"embeddable":true,"href":"https:\/\/ucnoqta.az\/index.php?rest_route=\/wp\/v2\/users\/1"}],"replies":[{"embeddable":true,"href":"https:\/\/ucnoqta.az\/index.php?rest_route=%2Fwp%2Fv2%2Fcomments&post=201181"}],"version-history":[{"count":0,"href":"https:\/\/ucnoqta.az\/index.php?rest_route=\/wp\/v2\/posts\/201181\/revisions"}],"wp:featuredmedia":[{"embeddable":true,"href":"https:\/\/ucnoqta.az\/index.php?rest_route=\/wp\/v2\/media\/251278"}],"wp:attachment":[{"href":"https:\/\/ucnoqta.az\/index.php?rest_route=%2Fwp%2Fv2%2Fmedia&parent=201181"}],"wp:term":[{"taxonomy":"category","embeddable":true,"href":"https:\/\/ucnoqta.az\/index.php?rest_route=%2Fwp%2Fv2%2Fcategories&post=201181"},{"taxonomy":"post_tag","embeddable":true,"href":"https:\/\/ucnoqta.az\/index.php?rest_route=%2Fwp%2Fv2%2Ftags&post=201181"}],"curies":[{"name":"wp","href":"https:\/\/api.w.org\/{rel}","templated":true}]}}