{"id":201177,"date":"2024-04-30T15:59:30","date_gmt":"2024-04-30T11:59:30","guid":{"rendered":""},"modified":"-0001-11-30T00:00:00","modified_gmt":"-0001-11-29T20:00:00","slug":"","status":"publish","type":"post","link":"https:\/\/ucnoqta.az\/?p=201177","title":{"rendered":"R\u0259smi Bak\u0131 Fransan\u0131n daxili i\u015fl\u0259r nazirin\u0259"},"content":{"rendered":"<p><strong>Fransa h&ouml;kum\u0259t r\u0259smisinin beyn\u0259lxalq d&ouml;vl\u0259tl\u0259raras\u0131 m&uuml;nasib\u0259tl\u0259r bax\u0131m\u0131ndan he&ccedil; bir etik &ccedil;\u0259r&ccedil;iv\u0259y\u0259 s\u0131\u011fmadan Az\u0259rbaycan\u0131n konstitusional d&ouml;vl\u0259t qurulu\u015fu haqq\u0131nda q\u0259sd\u0259n t\u0259hqir dolu ifad\u0259l\u0259rd\u0259n istifad\u0259 etm\u0259si tamamil\u0259 q\u0259buledilm\u0259zdir.<\/strong><\/p>\n<p>Ucnoqta.az x\u0259b\u0259r verir ki, bunu Az\u0259rbaycan Xarici \u0130\u015fl\u0259r Nazirliyinin m\u0259tbuat katibi Ayxan Hac\u0131zad\u0259nin Fransan\u0131n daxili i\u015fl\u0259r naziri Jerar Darmaninin Fransa Milli Assambleyas\u0131n\u0131n h&uuml;quq komit\u0259sind\u0259 Az\u0259rbaycana qar\u015f\u0131 s\u0259sl\u0259ndirdiyi iddialara dair \u015f\u0259rhind\u0259 bildirib.<\/p>\n<p>&quot;Bir daha Az\u0259rbaycan\u0131n daxili i\u015fl\u0259rin\u0259 qar\u0131\u015fmama\u011f\u0131 v\u0259 &ouml;lk\u0259miz\u0259 qar\u015f\u0131 \u0259sass\u0131z iddialar s\u0259sl\u0259ndirm\u0259y\u0259 son qoyma\u011f\u0131 Fransadan t\u0259l\u0259b edirik. &Ouml;lk\u0259mizin &ouml;z milli maraqlar\u0131n\u0131n qorunmas\u0131 &uuml;&ccedil;&uuml;n bundan sonra da b&uuml;t&uuml;n z\u0259ruri t\u0259dbirl\u0259r g&ouml;r\u0259c\u0259yini bir daha b\u0259yan edirik&quot;,-qeyd edilib.<\/p>\n","protected":false},"excerpt":{"rendered":"<p>Fransa h&ouml;kum\u0259t r\u0259smisinin beyn\u0259lxalq d&ouml;vl\u0259tl\u0259raras\u0131 m&uuml;nasib\u0259tl\u0259r bax\u0131m\u0131ndan he&ccedil; bir etik &ccedil;\u0259r&ccedil;iv\u0259y\u0259 s\u0131\u011fmadan Az\u0259rbaycan\u0131n konstitusional d&ouml;vl\u0259t qurulu\u015fu haqq\u0131nda q\u0259sd\u0259n t\u0259hqir dolu ifad\u0259l\u0259rd\u0259n istifad\u0259 etm\u0259si tamamil\u0259 q\u0259buledilm\u0259zdir. Ucnoqta.az x\u0259b\u0259r verir ki, bunu&hellip;<\/p>\n","protected":false},"author":1,"featured_media":251278,"comment_status":"open","ping_status":"open","sticky":false,"template":"","format":"standard","meta":{"_lmt_disableupdate":"","_lmt_disable":"","footnotes":""},"categories":[86],"tags":[],"class_list":["post-201177","post","type-post","status-publish","format-standard","has-post-thumbnail","hentry","category-siyaset"],"_links":{"self":[{"href":"https:\/\/ucnoqta.az\/index.php?rest_route=\/wp\/v2\/posts\/201177","targetHints":{"allow":["GET"]}}],"collection":[{"href":"https:\/\/ucnoqta.az\/index.php?rest_route=\/wp\/v2\/posts"}],"about":[{"href":"https:\/\/ucnoqta.az\/index.php?rest_route=\/wp\/v2\/types\/post"}],"author":[{"embeddable":true,"href":"https:\/\/ucnoqta.az\/index.php?rest_route=\/wp\/v2\/users\/1"}],"replies":[{"embeddable":true,"href":"https:\/\/ucnoqta.az\/index.php?rest_route=%2Fwp%2Fv2%2Fcomments&post=201177"}],"version-history":[{"count":0,"href":"https:\/\/ucnoqta.az\/index.php?rest_route=\/wp\/v2\/posts\/201177\/revisions"}],"wp:featuredmedia":[{"embeddable":true,"href":"https:\/\/ucnoqta.az\/index.php?rest_route=\/wp\/v2\/media\/251278"}],"wp:attachment":[{"href":"https:\/\/ucnoqta.az\/index.php?rest_route=%2Fwp%2Fv2%2Fmedia&parent=201177"}],"wp:term":[{"taxonomy":"category","embeddable":true,"href":"https:\/\/ucnoqta.az\/index.php?rest_route=%2Fwp%2Fv2%2Fcategories&post=201177"},{"taxonomy":"post_tag","embeddable":true,"href":"https:\/\/ucnoqta.az\/index.php?rest_route=%2Fwp%2Fv2%2Ftags&post=201177"}],"curies":[{"name":"wp","href":"https:\/\/api.w.org\/{rel}","templated":true}]}}