{"id":201170,"date":"2024-04-30T15:24:44","date_gmt":"2024-04-30T11:24:44","guid":{"rendered":""},"modified":"-0001-11-30T00:00:00","modified_gmt":"-0001-11-29T20:00:00","slug":"","status":"publish","type":"post","link":"https:\/\/ucnoqta.az\/?p=201170","title":{"rendered":"Pa\u015finyan AK-n\u0131n Qon\u015fuluq v\u0259 Geni\u015fl\u0259nm\u0259 Dan\u0131\u015f\u0131qlar\u0131 \u00fczr\u0259 Ba\u015f direktorunu q\u0259bul edib"},"content":{"rendered":"<p><strong>Erm\u0259nistan Respublikas\u0131n\u0131n Ba\u015f naziri Nikol Pa\u015finyan Avropa Komissiyas\u0131n\u0131n Qon\u015fuluq v\u0259 Geni\u015fl\u0259nm\u0259 Dan\u0131\u015f\u0131qlar\u0131 &uuml;zr\u0259 Ba\u015f direktoru Gert Yan Kupman\u0131n ba\u015f&ccedil;\u0131l\u0131q etdiyi n&uuml;may\u0259nd\u0259 hey\u0259tini q\u0259bul edib.<\/strong><\/p>\n<p>Ucnoqta.az Erm\u0259nistan m\u0259tbuat\u0131na istinad\u0259n x\u0259b\u0259r verir ki, Pa\u015finyan Erm\u0259nistan-Avropa \u0130ttifaq\u0131 \u0259laq\u0259l\u0259rinin daha da inki\u015faf\u0131n\u0131n vacibliyini vur\u011fulayaraq, Br&uuml;sseld\u0259 ke&ccedil;iril\u0259n Erm\u0259nistan-A\u0130-AB\u015e y&uuml;ks\u0259k s\u0259viyy\u0259li g&ouml;r&uuml;\u015f&uuml;n&uuml; \u0259sas adland\u0131r\u0131b v\u0259 \u0259ld\u0259 olunmu\u015f raz\u0131la\u015fmalar\u0131n s\u0259m\u0259r\u0259li h\u0259yata ke&ccedil;irilm\u0259sinin vacibliyini vur\u011fulay\u0131b.<\/p>\n<p>Kupman &ouml;z n&ouml;vb\u0259sind\u0259 qeyd edib ki, Avropa Komissiyas\u0131 Erm\u0259nistan\u0131n davaml\u0131l\u0131\u011f\u0131n\u0131n v\u0259 iqtisadi art\u0131m\u0131n\u0131n g&uuml;cl\u0259ndirilm\u0259sinin xeyrin\u0259 Erm\u0259nistan h&ouml;kum\u0259tinin prioritetl\u0259rinin h\u0259yata ke&ccedil;irilm\u0259sin\u0259 t&ouml;hf\u0259 verm\u0259y\u0259 haz\u0131rd\u0131r.<\/p>\n","protected":false},"excerpt":{"rendered":"<p>Erm\u0259nistan Respublikas\u0131n\u0131n Ba\u015f naziri Nikol Pa\u015finyan Avropa Komissiyas\u0131n\u0131n Qon\u015fuluq v\u0259 Geni\u015fl\u0259nm\u0259 Dan\u0131\u015f\u0131qlar\u0131 &uuml;zr\u0259 Ba\u015f direktoru Gert Yan Kupman\u0131n ba\u015f&ccedil;\u0131l\u0131q etdiyi n&uuml;may\u0259nd\u0259 hey\u0259tini q\u0259bul edib. Ucnoqta.az Erm\u0259nistan m\u0259tbuat\u0131na istinad\u0259n x\u0259b\u0259r verir&hellip;<\/p>\n","protected":false},"author":1,"featured_media":251278,"comment_status":"open","ping_status":"open","sticky":false,"template":"","format":"standard","meta":{"_lmt_disableupdate":"","_lmt_disable":"","footnotes":""},"categories":[],"tags":[],"class_list":["post-201170","post","type-post","status-publish","format-standard","has-post-thumbnail","hentry"],"_links":{"self":[{"href":"https:\/\/ucnoqta.az\/index.php?rest_route=\/wp\/v2\/posts\/201170","targetHints":{"allow":["GET"]}}],"collection":[{"href":"https:\/\/ucnoqta.az\/index.php?rest_route=\/wp\/v2\/posts"}],"about":[{"href":"https:\/\/ucnoqta.az\/index.php?rest_route=\/wp\/v2\/types\/post"}],"author":[{"embeddable":true,"href":"https:\/\/ucnoqta.az\/index.php?rest_route=\/wp\/v2\/users\/1"}],"replies":[{"embeddable":true,"href":"https:\/\/ucnoqta.az\/index.php?rest_route=%2Fwp%2Fv2%2Fcomments&post=201170"}],"version-history":[{"count":0,"href":"https:\/\/ucnoqta.az\/index.php?rest_route=\/wp\/v2\/posts\/201170\/revisions"}],"wp:featuredmedia":[{"embeddable":true,"href":"https:\/\/ucnoqta.az\/index.php?rest_route=\/wp\/v2\/media\/251278"}],"wp:attachment":[{"href":"https:\/\/ucnoqta.az\/index.php?rest_route=%2Fwp%2Fv2%2Fmedia&parent=201170"}],"wp:term":[{"taxonomy":"category","embeddable":true,"href":"https:\/\/ucnoqta.az\/index.php?rest_route=%2Fwp%2Fv2%2Fcategories&post=201170"},{"taxonomy":"post_tag","embeddable":true,"href":"https:\/\/ucnoqta.az\/index.php?rest_route=%2Fwp%2Fv2%2Ftags&post=201170"}],"curies":[{"name":"wp","href":"https:\/\/api.w.org\/{rel}","templated":true}]}}