{"id":201167,"date":"2024-04-30T15:19:10","date_gmt":"2024-04-30T11:19:10","guid":{"rendered":""},"modified":"-0001-11-30T00:00:00","modified_gmt":"-0001-11-29T20:00:00","slug":"","status":"publish","type":"post","link":"https:\/\/ucnoqta.az\/?p=201167","title":{"rendered":"\u0130srail ist\u0259nil\u0259n halda R\u0259fah \u0259m\u0259liyyat\u0131n\u0131 h\u0259yata ke\u00e7ir\u0259c\u0259k &#8211;"},"content":{"rendered":"<p><strong>\u0130st\u0259nil\u0259n halda \u0130srail \u0259sg\u0259rl\u0259ri Q\u0259zza zola\u011f\u0131n\u0131n Misirl\u0259 s\u0259rh\u0259dind\u0259 yerl\u0259\u015f\u0259n R\u0259fah \u015f\u0259h\u0259rind\u0259 \u0259m\u0259liyyat ke&ccedil;ir\u0259c\u0259k.<\/strong><\/p>\n<p>Ucnoqta.az x\u0259b\u0259r verir ki, bu bar\u0259d\u0259 \u0130srailin ba\u015f naziri Benyamin Netanyahu F\u0259l\u0259stin anklav\u0131nda saxlan\u0131lan girovlar\u0131n qohumlar\u0131 il\u0259 g&ouml;r&uuml;\u015f&uuml;nd\u0259 bildirib.<\/p>\n<p>&quot;B&uuml;t&uuml;n m\u0259qs\u0259dl\u0259r\u0259 &ccedil;atana q\u0259d\u0259r m&uuml;harib\u0259ni dayand\u0131raca\u011f\u0131m\u0131z ideyas\u0131 bel\u0259 n\u0259z\u0259r\u0259 al\u0131nm\u0131r, biz R\u0259faha gir\u0259c\u0259yik v\u0259 orada yerl\u0259\u015f\u0259n H\u018fMAS batalyonlar\u0131n\u0131 m\u0259hv ed\u0259c\u0259yik&quot; &#8211; ba\u015f nazir deyib.<\/p>\n","protected":false},"excerpt":{"rendered":"<p>\u0130st\u0259nil\u0259n halda \u0130srail \u0259sg\u0259rl\u0259ri Q\u0259zza zola\u011f\u0131n\u0131n Misirl\u0259 s\u0259rh\u0259dind\u0259 yerl\u0259\u015f\u0259n R\u0259fah \u015f\u0259h\u0259rind\u0259 \u0259m\u0259liyyat ke&ccedil;ir\u0259c\u0259k. Ucnoqta.az x\u0259b\u0259r verir ki, bu bar\u0259d\u0259 \u0130srailin ba\u015f naziri Benyamin Netanyahu F\u0259l\u0259stin anklav\u0131nda saxlan\u0131lan girovlar\u0131n qohumlar\u0131 il\u0259&hellip;<\/p>\n","protected":false},"author":1,"featured_media":251278,"comment_status":"open","ping_status":"open","sticky":false,"template":"","format":"standard","meta":{"_lmt_disableupdate":"","_lmt_disable":"","footnotes":""},"categories":[89],"tags":[],"class_list":["post-201167","post","type-post","status-publish","format-standard","has-post-thumbnail","hentry","category-dunya-butun-xeberler"],"_links":{"self":[{"href":"https:\/\/ucnoqta.az\/index.php?rest_route=\/wp\/v2\/posts\/201167","targetHints":{"allow":["GET"]}}],"collection":[{"href":"https:\/\/ucnoqta.az\/index.php?rest_route=\/wp\/v2\/posts"}],"about":[{"href":"https:\/\/ucnoqta.az\/index.php?rest_route=\/wp\/v2\/types\/post"}],"author":[{"embeddable":true,"href":"https:\/\/ucnoqta.az\/index.php?rest_route=\/wp\/v2\/users\/1"}],"replies":[{"embeddable":true,"href":"https:\/\/ucnoqta.az\/index.php?rest_route=%2Fwp%2Fv2%2Fcomments&post=201167"}],"version-history":[{"count":0,"href":"https:\/\/ucnoqta.az\/index.php?rest_route=\/wp\/v2\/posts\/201167\/revisions"}],"wp:featuredmedia":[{"embeddable":true,"href":"https:\/\/ucnoqta.az\/index.php?rest_route=\/wp\/v2\/media\/251278"}],"wp:attachment":[{"href":"https:\/\/ucnoqta.az\/index.php?rest_route=%2Fwp%2Fv2%2Fmedia&parent=201167"}],"wp:term":[{"taxonomy":"category","embeddable":true,"href":"https:\/\/ucnoqta.az\/index.php?rest_route=%2Fwp%2Fv2%2Fcategories&post=201167"},{"taxonomy":"post_tag","embeddable":true,"href":"https:\/\/ucnoqta.az\/index.php?rest_route=%2Fwp%2Fv2%2Ftags&post=201167"}],"curies":[{"name":"wp","href":"https:\/\/api.w.org\/{rel}","templated":true}]}}