{"id":201166,"date":"2024-04-30T15:10:20","date_gmt":"2024-04-30T11:10:20","guid":{"rendered":""},"modified":"-0001-11-30T00:00:00","modified_gmt":"-0001-11-29T20:00:00","slug":"","status":"publish","type":"post","link":"https:\/\/ucnoqta.az\/?p=201166","title":{"rendered":"Atas\u0131n\u0131 d\u00f6y\u0259r\u0259k \u00f6ld\u00fcr\u0259n \u015f\u0259xs tutulub"},"content":{"rendered":"<p><strong>Aprelin 29-da saat 21 rad\u0259l\u0259rind\u0259 G&ouml;y&ccedil;ay rayon sakini 1961-ci il t\u0259v\u0259ll&uuml;dl&uuml; Eynulla \u018fhm\u0259dovun &ouml;lm\u0259si bar\u0259d\u0259 rayon prokurorlu\u011funa m\u0259lumat daxil olub.<\/strong><\/p>\n<p>Ba\u015f Prokurorluqdan veril\u0259n m\u0259lumata g&ouml;r\u0259, ara\u015fd\u0131rma zaman\u0131 1989-cu il t\u0259v\u0259ll&uuml;dl&uuml; Kamal \u018fhm\u0259dovun rayonun Qarax\u0131d\u0131r k\u0259ndi \u0259razisind\u0259 atas\u0131 Eynulla \u018fhm\u0259dovu d&ouml;y\u0259r\u0259k m&uuml;xt\u0259lif d\u0259r\u0259c\u0259li b\u0259d\u0259n x\u0259sar\u0259tl\u0259ri yetirm\u0259si n\u0259tic\u0259sind\u0259 sonuncunun alm\u0131\u015f oldu\u011fu x\u0259sar\u0259tl\u0259rd\u0259n &ouml;lm\u0259sin\u0259 \u0259sasl\u0131 \u015f&uuml;bh\u0259l\u0259r m&uuml;\u0259yy\u0259n edilib.<\/p>\n<p>Faktla ba\u011fl\u0131 G&ouml;y&ccedil;ay rayon prokurorlu\u011funda Cinay\u0259t M\u0259c\u0259ll\u0259sinin 126.3-c&uuml; (q\u0259sd\u0259n sa\u011flaml\u0131\u011fa a\u011f\u0131r z\u0259r\u0259r vurma ehtiyats\u0131zl\u0131qdan z\u0259r\u0259r&ccedil;\u0259kmi\u015f \u015f\u0259xsin &ouml;l&uuml;m&uuml;n\u0259 s\u0259b\u0259b olduqda) madd\u0259si il\u0259 cinay\u0259t i\u015finin istintaq\u0131 apar\u0131l\u0131r.&nbsp;Kamal \u018fhm\u0259dov i\u015f &uuml;zr\u0259 \u015f&uuml;bh\u0259li \u015f\u0259xs qismind\u0259 tutulub.<\/p>\n<p>Haz\u0131rda cinay\u0259t i\u015fi &uuml;zr\u0259 ibtidai istintaq davam etdirilir.<\/p>\n","protected":false},"excerpt":{"rendered":"<p>Aprelin 29-da saat 21 rad\u0259l\u0259rind\u0259 G&ouml;y&ccedil;ay rayon sakini 1961-ci il t\u0259v\u0259ll&uuml;dl&uuml; Eynulla \u018fhm\u0259dovun &ouml;lm\u0259si bar\u0259d\u0259 rayon prokurorlu\u011funa m\u0259lumat daxil olub. Ba\u015f Prokurorluqdan veril\u0259n m\u0259lumata g&ouml;r\u0259, ara\u015fd\u0131rma zaman\u0131 1989-cu il t\u0259v\u0259ll&uuml;dl&uuml;&hellip;<\/p>\n","protected":false},"author":1,"featured_media":251278,"comment_status":"open","ping_status":"open","sticky":false,"template":"","format":"standard","meta":{"_lmt_disableupdate":"","_lmt_disable":"","footnotes":""},"categories":[],"tags":[],"class_list":["post-201166","post","type-post","status-publish","format-standard","has-post-thumbnail","hentry"],"_links":{"self":[{"href":"https:\/\/ucnoqta.az\/index.php?rest_route=\/wp\/v2\/posts\/201166","targetHints":{"allow":["GET"]}}],"collection":[{"href":"https:\/\/ucnoqta.az\/index.php?rest_route=\/wp\/v2\/posts"}],"about":[{"href":"https:\/\/ucnoqta.az\/index.php?rest_route=\/wp\/v2\/types\/post"}],"author":[{"embeddable":true,"href":"https:\/\/ucnoqta.az\/index.php?rest_route=\/wp\/v2\/users\/1"}],"replies":[{"embeddable":true,"href":"https:\/\/ucnoqta.az\/index.php?rest_route=%2Fwp%2Fv2%2Fcomments&post=201166"}],"version-history":[{"count":0,"href":"https:\/\/ucnoqta.az\/index.php?rest_route=\/wp\/v2\/posts\/201166\/revisions"}],"wp:featuredmedia":[{"embeddable":true,"href":"https:\/\/ucnoqta.az\/index.php?rest_route=\/wp\/v2\/media\/251278"}],"wp:attachment":[{"href":"https:\/\/ucnoqta.az\/index.php?rest_route=%2Fwp%2Fv2%2Fmedia&parent=201166"}],"wp:term":[{"taxonomy":"category","embeddable":true,"href":"https:\/\/ucnoqta.az\/index.php?rest_route=%2Fwp%2Fv2%2Fcategories&post=201166"},{"taxonomy":"post_tag","embeddable":true,"href":"https:\/\/ucnoqta.az\/index.php?rest_route=%2Fwp%2Fv2%2Ftags&post=201166"}],"curies":[{"name":"wp","href":"https:\/\/api.w.org\/{rel}","templated":true}]}}