{"id":201164,"date":"2024-04-30T14:13:48","date_gmt":"2024-04-30T10:13:48","guid":{"rendered":""},"modified":"-0001-11-30T00:00:00","modified_gmt":"-0001-11-29T20:00:00","slug":"","status":"publish","type":"post","link":"https:\/\/ucnoqta.az\/?p=201164","title":{"rendered":"Ceyhun Bayramov Q\u0259t\u0259rin xarici i\u015fl\u0259r naziri il\u0259 g\u00f6r\u00fc\u015f\u00fcb"},"content":{"rendered":"<p><strong>Az\u0259rbaycan Respublikas\u0131n\u0131n xarici i\u015fl\u0259r naziri Ceyhun Bayramov Q\u0259t\u0259r D&ouml;vl\u0259tin\u0259 i\u015fg&uuml;zar s\u0259f\u0259ri &ccedil;\u0259r&ccedil;iv\u0259sind\u0259 bu &ouml;lk\u0259nin Ba\u015f naziri v\u0259 xarici i\u015fl\u0259r naziri \u015feyx M\u0259h\u0259mm\u0259d bin \u018fbd&uuml;lr\u0259hman Al-Tani il\u0259 g&ouml;r&uuml;\u015f&uuml;b.<\/strong><\/p>\n<p>X\u0130N-d\u0259n&nbsp;Ucnoqta.az-a veril\u0259n x\u0259b\u0259r\u0259 g&ouml;r\u0259, g&ouml;r&uuml;\u015f zaman\u0131 t\u0259r\u0259fl\u0259r iki &ouml;lk\u0259 aras\u0131nda m&ouml;vcud \u0259m\u0259kda\u015fl\u0131\u011f\u0131n s\u0259viyy\u0259sind\u0259n m\u0259mnunluq ifad\u0259 ed\u0259r\u0259k, y&uuml;ks\u0259k s\u0259viyy\u0259li s\u0259f\u0259rl\u0259rin, davaml\u0131 siyasi dialoqun v\u0259 aidiyy\u0259ti qurumlararas\u0131 t\u0259maslar\u0131n intensivl\u0259\u015fdirilm\u0259sinin yeni t\u0259r\u0259fda\u015fl\u0131q istiqam\u0259tl\u0259rinin m&uuml;\u0259yy\u0259n edilm\u0259si v\u0259 \u0259m\u0259kda\u015fl\u0131\u011f\u0131n keyfiyy\u0259tc\u0259 yeni s\u0259viyy\u0259y\u0259 y&uuml;ks\u0259ldilm\u0259si bax\u0131m\u0131ndan &ouml;n\u0259mli oldu\u011funu vur\u011fulay\u0131b.<\/p>\n<p>T\u0259r\u0259fl\u0259r Az\u0259rbaycan il\u0259 Q\u0259t\u0259r D&ouml;vl\u0259ti aras\u0131nda m&ouml;vcud y&uuml;ks\u0259k s\u0259viyy\u0259li siyasi dialoqdan m\u0259mnunluq ifad\u0259 ed\u0259r\u0259k, h\u0259r iki &ouml;lk\u0259nin Xarici \u0130\u015fl\u0259r Nazirlikl\u0259ri aras\u0131nda siyasi m\u0259sl\u0259h\u0259tl\u0259\u015fm\u0259l\u0259rin v\u0259 H&ouml;kum\u0259tl\u0259raras\u0131 \u0130qtisadi Komissiyan\u0131n iclaslar\u0131n\u0131n m&uuml;t\u0259madi \u0259sasda ke&ccedil;irilm\u0259sinin vacibliyini vur\u011fulay\u0131blar.<\/p>\n<p>Bu il &ouml;lk\u0259mizin &uuml;v sahibliyi etdiyi BMT-nin \u0130qlim D\u0259yi\u015fikliyi &uuml;zr\u0259 &Ccedil;\u0259r&ccedil;iv\u0259 Konvensiyas\u0131n\u0131n T\u0259r\u0259fl\u0259r Konfrans\u0131n\u0131n 29-cu sessiyas\u0131n\u0131n (COP29) yeni \u0259m\u0259kda\u015fl\u0131q sah\u0259l\u0259ri &uuml;&ccedil;&uuml;n \u0259lveri\u015fli imkan yaratd\u0131\u011f\u0131 vur\u011fulan\u0131b.<\/p>\n<p>T\u0259r\u0259fl\u0259r, h\u0259m&ccedil;inin beyn\u0259lxalq t\u0259\u015fkilatlar &ccedil;\u0259r&ccedil;iv\u0259sind\u0259 \u0259m\u0259kda\u015fl\u0131\u011f\u0131n \u0259h\u0259miyy\u0259tin\u0259 diqq\u0259t &ccedil;\u0259k\u0259r\u0259k, t\u0259r\u0259fda\u015fl\u0131q m&uuml;nasib\u0259tl\u0259rinin b&uuml;t&uuml;n sah\u0259l\u0259rd\u0259 daha da m&ouml;hk\u0259ml\u0259n\u0259c\u0259yin\u0259 \u0259minlik ifad\u0259 edibl\u0259r.<\/p>\n<p>G&ouml;r&uuml;\u015fd\u0259 g&uuml;nd\u0259likd\u0259 duran dig\u0259r aktual m\u0259s\u0259l\u0259l\u0259r v\u0259 qar\u015f\u0131l\u0131ql\u0131 maraq k\u0259sb ed\u0259n m&ouml;vzular \u0259traf\u0131nda fikir m&uuml;badil\u0259si apar\u0131l\u0131b.<\/p>\n","protected":false},"excerpt":{"rendered":"<p>Az\u0259rbaycan Respublikas\u0131n\u0131n xarici i\u015fl\u0259r naziri Ceyhun Bayramov Q\u0259t\u0259r D&ouml;vl\u0259tin\u0259 i\u015fg&uuml;zar s\u0259f\u0259ri &ccedil;\u0259r&ccedil;iv\u0259sind\u0259 bu &ouml;lk\u0259nin Ba\u015f naziri v\u0259 xarici i\u015fl\u0259r naziri \u015feyx M\u0259h\u0259mm\u0259d bin \u018fbd&uuml;lr\u0259hman Al-Tani il\u0259 g&ouml;r&uuml;\u015f&uuml;b. X\u0130N-d\u0259n&nbsp;Ucnoqta.az-a veril\u0259n x\u0259b\u0259r\u0259&hellip;<\/p>\n","protected":false},"author":1,"featured_media":251278,"comment_status":"open","ping_status":"open","sticky":false,"template":"","format":"standard","meta":{"_lmt_disableupdate":"","_lmt_disable":"","footnotes":""},"categories":[86],"tags":[],"class_list":["post-201164","post","type-post","status-publish","format-standard","has-post-thumbnail","hentry","category-siyaset"],"_links":{"self":[{"href":"https:\/\/ucnoqta.az\/index.php?rest_route=\/wp\/v2\/posts\/201164","targetHints":{"allow":["GET"]}}],"collection":[{"href":"https:\/\/ucnoqta.az\/index.php?rest_route=\/wp\/v2\/posts"}],"about":[{"href":"https:\/\/ucnoqta.az\/index.php?rest_route=\/wp\/v2\/types\/post"}],"author":[{"embeddable":true,"href":"https:\/\/ucnoqta.az\/index.php?rest_route=\/wp\/v2\/users\/1"}],"replies":[{"embeddable":true,"href":"https:\/\/ucnoqta.az\/index.php?rest_route=%2Fwp%2Fv2%2Fcomments&post=201164"}],"version-history":[{"count":0,"href":"https:\/\/ucnoqta.az\/index.php?rest_route=\/wp\/v2\/posts\/201164\/revisions"}],"wp:featuredmedia":[{"embeddable":true,"href":"https:\/\/ucnoqta.az\/index.php?rest_route=\/wp\/v2\/media\/251278"}],"wp:attachment":[{"href":"https:\/\/ucnoqta.az\/index.php?rest_route=%2Fwp%2Fv2%2Fmedia&parent=201164"}],"wp:term":[{"taxonomy":"category","embeddable":true,"href":"https:\/\/ucnoqta.az\/index.php?rest_route=%2Fwp%2Fv2%2Fcategories&post=201164"},{"taxonomy":"post_tag","embeddable":true,"href":"https:\/\/ucnoqta.az\/index.php?rest_route=%2Fwp%2Fv2%2Ftags&post=201164"}],"curies":[{"name":"wp","href":"https:\/\/api.w.org\/{rel}","templated":true}]}}