{"id":201157,"date":"2024-04-30T13:05:18","date_gmt":"2024-04-30T09:05:18","guid":{"rendered":""},"modified":"-0001-11-30T00:00:00","modified_gmt":"-0001-11-29T20:00:00","slug":"","status":"publish","type":"post","link":"https:\/\/ucnoqta.az\/?p=201157","title":{"rendered":"Fransa s\u0259firi Az\u0259rbaycana qay\u0131d\u0131b"},"content":{"rendered":"<p><strong>Fransa s\u0259firi Az\u0259rbaycana qay\u0131d\u0131b.<\/strong><\/p>\n<p>APA-n\u0131n \u0259ld\u0259 etdiyi m\u0259lumata g&ouml;r\u0259,&nbsp;Fransa s\u0259firi Ann Buayon Az\u0259rbaycana qay\u0131d\u0131b v\u0259 diplomatik f\u0259aliyy\u0259tini davam etdirir.<\/p>\n<p>Xat\u0131rladaq ki, Fransan\u0131n Az\u0259rbaycandak\u0131 s\u0259firi Bak\u0131 v\u0259 Paris aras\u0131nda g\u0259rginl\u0259\u015f\u0259n m&uuml;nasib\u0259tl\u0259r fonunda aprelin 16-da m\u0259sl\u0259h\u0259tl\u0259\u015fm\u0259l\u0259r &uuml;&ccedil;&uuml;n geri &ccedil;a\u011f\u0131r\u0131lm\u0131\u015fd\u0131. Fransa X\u0130N-in yayd\u0131\u011f\u0131 b\u0259yanatda qeyd olunmu\u015fdu ki, xan\u0131m diplomat\u0131 Fransa Prezidenti Emmanuel Makron q\u0259bul edib.<\/p>\n","protected":false},"excerpt":{"rendered":"<p>Fransa s\u0259firi Az\u0259rbaycana qay\u0131d\u0131b. APA-n\u0131n \u0259ld\u0259 etdiyi m\u0259lumata g&ouml;r\u0259,&nbsp;Fransa s\u0259firi Ann Buayon Az\u0259rbaycana qay\u0131d\u0131b v\u0259 diplomatik f\u0259aliyy\u0259tini davam etdirir. Xat\u0131rladaq ki, Fransan\u0131n Az\u0259rbaycandak\u0131 s\u0259firi Bak\u0131 v\u0259 Paris aras\u0131nda g\u0259rginl\u0259\u015f\u0259n m&uuml;nasib\u0259tl\u0259r&hellip;<\/p>\n","protected":false},"author":1,"featured_media":251278,"comment_status":"open","ping_status":"open","sticky":false,"template":"","format":"standard","meta":{"_lmt_disableupdate":"","_lmt_disable":"","footnotes":""},"categories":[86],"tags":[],"class_list":["post-201157","post","type-post","status-publish","format-standard","has-post-thumbnail","hentry","category-siyaset"],"_links":{"self":[{"href":"https:\/\/ucnoqta.az\/index.php?rest_route=\/wp\/v2\/posts\/201157","targetHints":{"allow":["GET"]}}],"collection":[{"href":"https:\/\/ucnoqta.az\/index.php?rest_route=\/wp\/v2\/posts"}],"about":[{"href":"https:\/\/ucnoqta.az\/index.php?rest_route=\/wp\/v2\/types\/post"}],"author":[{"embeddable":true,"href":"https:\/\/ucnoqta.az\/index.php?rest_route=\/wp\/v2\/users\/1"}],"replies":[{"embeddable":true,"href":"https:\/\/ucnoqta.az\/index.php?rest_route=%2Fwp%2Fv2%2Fcomments&post=201157"}],"version-history":[{"count":0,"href":"https:\/\/ucnoqta.az\/index.php?rest_route=\/wp\/v2\/posts\/201157\/revisions"}],"wp:featuredmedia":[{"embeddable":true,"href":"https:\/\/ucnoqta.az\/index.php?rest_route=\/wp\/v2\/media\/251278"}],"wp:attachment":[{"href":"https:\/\/ucnoqta.az\/index.php?rest_route=%2Fwp%2Fv2%2Fmedia&parent=201157"}],"wp:term":[{"taxonomy":"category","embeddable":true,"href":"https:\/\/ucnoqta.az\/index.php?rest_route=%2Fwp%2Fv2%2Fcategories&post=201157"},{"taxonomy":"post_tag","embeddable":true,"href":"https:\/\/ucnoqta.az\/index.php?rest_route=%2Fwp%2Fv2%2Ftags&post=201157"}],"curies":[{"name":"wp","href":"https:\/\/api.w.org\/{rel}","templated":true}]}}