{"id":201152,"date":"2024-04-30T12:33:43","date_gmt":"2024-04-30T08:33:43","guid":{"rendered":""},"modified":"-0001-11-30T00:00:00","modified_gmt":"-0001-11-29T20:00:00","slug":"","status":"publish","type":"post","link":"https:\/\/ucnoqta.az\/?p=201152","title":{"rendered":"K\u00fctl\u0259vi m\u0259zarl\u0131qlarda tap\u0131lm\u0131\u015f daha 9 n\u0259f\u0259rin kimliyi m\u0259lum olub"},"content":{"rendered":"<p><strong>K&uuml;tl\u0259vi m\u0259zarl\u0131qlarda tap\u0131lm\u0131\u015f daha 9 n\u0259f\u0259rin kimliyi m&uuml;\u0259yy\u0259n olunub<\/strong><\/p>\n<p>Ucnoqta.az x\u0259b\u0259r verir ki, bunu \u018fsir v\u0259 itkin d&uuml;\u015fm&uuml;\u015f v\u0259t\u0259nda\u015flarla \u0259laq\u0259dar D&ouml;vl\u0259t Komissiyas\u0131 i\u015f&ccedil;i qrupu r\u0259hb\u0259rinin m&uuml;avini Eldar S\u0259m\u0259dov bu g&uuml;n ke&ccedil;iril\u0259n brifinqd\u0259 deyib.<\/p>\n<p>Onun s&ouml;zl\u0259rin\u0259 g&ouml;r\u0259, bu \u015f\u0259xsl\u0259r A\u011fdam v\u0259 \u015eu\u015fa, Xocav\u0259ndd\u0259 tap\u0131lan k&uuml;tl\u0259vi m\u0259zarl\u0131qlarda tap\u0131lan \u015f\u0259xsl\u0259rdir.<\/p>\n<p>&ldquo;Onlar\u0131n ail\u0259l\u0259r\u0259 t\u0259hvil verilm\u0259si prosesi t\u0259\u015fkil olunacaq. Onlar\u0131n d\u0259fn prosesi ail\u0259l\u0259rin arzusuna uy\u011fun olaraq h\u0259yata ke&ccedil;iril\u0259c\u0259k&rdquo;.<\/p>\n<p>Xat\u0131rladaq ki, Xocal\u0131 \u015f\u0259h\u0259ri \u0259razisind\u0259 qaz\u0131nt\u0131lar zaman\u0131 k&uuml;tl\u0259vi m\u0259zarl\u0131qda 21 n\u0259f\u0259rin, daha sonra is\u0259 Xocal\u0131 rayonunun Mal\u0131b\u0259yli k\u0259ndind\u0259 8 n\u0259f\u0259rin qal\u0131qlar\u0131 a\u015fkar olunub. &Uuml;mumilikd\u0259 is\u0259 bu g&uuml;n\u0259 q\u0259d\u0259r Xocal\u0131da qal\u0131qlar\u0131 tap\u0131lan 29 n\u0259f\u0259rd\u0259n 9 n\u0259f\u0259rin kimliyi m&uuml;\u0259yy\u0259n edilmi\u015fdi.<\/p>\n","protected":false},"excerpt":{"rendered":"<p>K&uuml;tl\u0259vi m\u0259zarl\u0131qlarda tap\u0131lm\u0131\u015f daha 9 n\u0259f\u0259rin kimliyi m&uuml;\u0259yy\u0259n olunub Ucnoqta.az x\u0259b\u0259r verir ki, bunu \u018fsir v\u0259 itkin d&uuml;\u015fm&uuml;\u015f v\u0259t\u0259nda\u015flarla \u0259laq\u0259dar D&ouml;vl\u0259t Komissiyas\u0131 i\u015f&ccedil;i qrupu r\u0259hb\u0259rinin m&uuml;avini Eldar S\u0259m\u0259dov bu g&uuml;n&hellip;<\/p>\n","protected":false},"author":1,"featured_media":251278,"comment_status":"open","ping_status":"open","sticky":false,"template":"","format":"standard","meta":{"_lmt_disableupdate":"","_lmt_disable":"","footnotes":""},"categories":[],"tags":[],"class_list":["post-201152","post","type-post","status-publish","format-standard","has-post-thumbnail","hentry"],"_links":{"self":[{"href":"https:\/\/ucnoqta.az\/index.php?rest_route=\/wp\/v2\/posts\/201152","targetHints":{"allow":["GET"]}}],"collection":[{"href":"https:\/\/ucnoqta.az\/index.php?rest_route=\/wp\/v2\/posts"}],"about":[{"href":"https:\/\/ucnoqta.az\/index.php?rest_route=\/wp\/v2\/types\/post"}],"author":[{"embeddable":true,"href":"https:\/\/ucnoqta.az\/index.php?rest_route=\/wp\/v2\/users\/1"}],"replies":[{"embeddable":true,"href":"https:\/\/ucnoqta.az\/index.php?rest_route=%2Fwp%2Fv2%2Fcomments&post=201152"}],"version-history":[{"count":0,"href":"https:\/\/ucnoqta.az\/index.php?rest_route=\/wp\/v2\/posts\/201152\/revisions"}],"wp:featuredmedia":[{"embeddable":true,"href":"https:\/\/ucnoqta.az\/index.php?rest_route=\/wp\/v2\/media\/251278"}],"wp:attachment":[{"href":"https:\/\/ucnoqta.az\/index.php?rest_route=%2Fwp%2Fv2%2Fmedia&parent=201152"}],"wp:term":[{"taxonomy":"category","embeddable":true,"href":"https:\/\/ucnoqta.az\/index.php?rest_route=%2Fwp%2Fv2%2Fcategories&post=201152"},{"taxonomy":"post_tag","embeddable":true,"href":"https:\/\/ucnoqta.az\/index.php?rest_route=%2Fwp%2Fv2%2Ftags&post=201152"}],"curies":[{"name":"wp","href":"https:\/\/api.w.org\/{rel}","templated":true}]}}