{"id":201145,"date":"2024-04-30T11:51:23","date_gmt":"2024-04-30T07:51:23","guid":{"rendered":""},"modified":"-0001-11-30T00:00:00","modified_gmt":"-0001-11-29T20:00:00","slug":"","status":"publish","type":"post","link":"https:\/\/ucnoqta.az\/?p=201145","title":{"rendered":"Heyd\u0259r \u018fliyev Fondunun 20 illiyin\u0259 h\u0259sr olunan konsert ke\u00e7iril\u0259c\u0259k"},"content":{"rendered":"<p><strong>May\u0131n 4-d\u0259 Heyd\u0259r \u018fliyev M\u0259rk\u0259zind\u0259 &ldquo;20 ilin s\u0259das\u0131&rdquo; konsert proqram\u0131 t\u0259qdim olunacaq.<\/strong><\/p>\n<p>Bununla ba\u011fl\u0131&nbsp;Heyd\u0259r \u018fliyev Fondundan m\u0259lumat verilib.<\/p>\n<p>Qeyd edilib ki, konsert h\u0259m i\u015ftirak&ccedil;\u0131lar\u0131, h\u0259m d\u0259 repertuar\u0131 il\u0259 r\u0259mzi m\u0259na da\u015f\u0131y\u0131r. Bel\u0259 ki, bu il yaranmas\u0131n\u0131n 20 ili tamam olan Heyd\u0259r \u018fliyev Fondu f\u0259aliyy\u0259ti d&ouml;vr&uuml;nd\u0259 h\u0259r zaman g\u0259nc istedadlara, m\u0259d\u0259niyy\u0259t v\u0259 ins\u0259c\u0259n\u0259t sah\u0259sin\u0259 d\u0259st\u0259k g&ouml;st\u0259rib, m\u0259d\u0259niyy\u0259timizin geni\u015f t\u0259bli\u011fin\u0259 y&ouml;n\u0259l\u0259n layih\u0259l\u0259r h\u0259yata ke&ccedil;irib.<\/p>\n<p>Heyd\u0259r \u018fliyev Fondu ist\u0259r g\u0259ncl\u0259rimizin t\u0259hsil almas\u0131na, ist\u0259rs\u0259 d\u0259 beyn\u0259lxalq m&uuml;sabiq\u0259 v\u0259 festivallarda i\u015ftirak\u0131na d\u0259st\u0259k olub. Fondun ayr\u0131-ayr\u0131 sah\u0259l\u0259rd\u0259ki layih\u0259l\u0259ri, o c&uuml;ml\u0259d\u0259n mu\u011fam m&uuml;sabiq\u0259l\u0259ri, milli, klassik v\u0259 caz musiqisi il\u0259 ba\u011fl\u0131 layih\u0259l\u0259ri, m&uuml;xt\u0259lif musiqi festivallar\u0131 yeni istedadlar\u0131n &uuml;z\u0259 &ccedil;\u0131xar\u0131lmas\u0131na, onlar\u0131n inki\u015faf\u0131na t\u0259kan verib.<\/p>\n<p>May\u0131n 4-d\u0259ki konsert proqram\u0131nda da m\u0259hz bu inc\u0259s\u0259n\u0259t xadiml\u0259ri &#8211; Heyd\u0259r \u018fliyev Fondunun yarad\u0131c\u0131l\u0131qlar\u0131nda iz qoydu\u011fu, d&ouml;n&uuml;\u015f v\u0259 s\u0131&ccedil;ray\u0131\u015f yaratd\u0131\u011f\u0131, d\u0259st\u0259k g&ouml;st\u0259rdiyi m\u0259d\u0259niyy\u0259t v\u0259 inc\u0259s\u0259n\u0259t xadiml\u0259ri &#8211; Az\u0259r Zad\u0259 (tenor), Az\u0259r Zeynalov (tenor), Ceyla Seyidova (violin), El&ccedil;in \u018fzizov (bariton), Emil \u018ffrasiyab (piano), Elvin Hoca Q\u0259niyev (violin), F\u0259rhad B\u0259d\u0259lb\u0259yli (piano), \u0130sfar Sarabski (piano), Mir\u0259l\u0259m Mir\u0259l\u0259mov (xan\u0259nd\u0259), Murad Ad\u0131g&ouml;z\u0259lzad\u0259 (piano), Samir C\u0259f\u0259rov (tenor), T\u0259yyar Bayramov (xan\u0259nd\u0259) v\u0259 dig\u0259rl\u0259ri &ccedil;\u0131x\u0131\u015f ed\u0259c\u0259k.<\/p>\n<p>Birinci vitse-prezident Mehriban \u018fliyevan\u0131n r\u0259hb\u0259rliyi il\u0259 20 illik f\u0259aliyy\u0259tind\u0259 ulu &ouml;nd\u0259r Heyd\u0259r \u018fliyevin ideyalar\u0131na \u0259saslanan, elm v\u0259 t\u0259hsil, s\u0259hiyy\u0259, sosial v\u0259 dig\u0259r sah\u0259l\u0259rd\u0259ki &ouml;n\u0259mli layih\u0259l\u0259ri il\u0259 m&uuml;h&uuml;m nailiyy\u0259tl\u0259r\u0259 imza atan, \u0259n \u0259sas\u0131 is\u0259 insanlar\u0131n sevgi v\u0259 inam\u0131n\u0131 qazanan Heyd\u0259r \u018fliyev Fondunun g&ouml;rd&uuml;y&uuml; i\u015fl\u0259rd\u0259 milli-m\u0259d\u0259ni, m\u0259n\u0259vi d\u0259y\u0259rl\u0259rimizin qorunub saxlan\u0131lmas\u0131, onlar\u0131n t\u0259bli\u011fi x&uuml;susi &ouml;n\u0259m k\u0259sb edir. Heyd\u0259r \u018fliyev Fondu &ouml;t\u0259n ill\u0259rd\u0259 m\u0259d\u0259niyy\u0259t sah\u0259sinin inki\u015faf\u0131na &ouml;z t&ouml;hf\u0259l\u0259rini verib v\u0259 Fondun 20 illiyi \u0259r\u0259f\u0259sind\u0259 ke&ccedil;iril\u0259n konsert d\u0259 h\u0259min u\u011furlar\u0131n ki&ccedil;ik bir hiss\u0259sinin n&uuml;mayi\u015fi say\u0131la bil\u0259r.<\/p>\n","protected":false},"excerpt":{"rendered":"<p>May\u0131n 4-d\u0259 Heyd\u0259r \u018fliyev M\u0259rk\u0259zind\u0259 &ldquo;20 ilin s\u0259das\u0131&rdquo; konsert proqram\u0131 t\u0259qdim olunacaq. Bununla ba\u011fl\u0131&nbsp;Heyd\u0259r \u018fliyev Fondundan m\u0259lumat verilib. Qeyd edilib ki, konsert h\u0259m i\u015ftirak&ccedil;\u0131lar\u0131, h\u0259m d\u0259 repertuar\u0131 il\u0259 r\u0259mzi m\u0259na&hellip;<\/p>\n","protected":false},"author":1,"featured_media":251278,"comment_status":"open","ping_status":"open","sticky":false,"template":"","format":"standard","meta":{"_lmt_disableupdate":"","_lmt_disable":"","footnotes":""},"categories":[101],"tags":[],"class_list":["post-201145","post","type-post","status-publish","format-standard","has-post-thumbnail","hentry","category-cemiyyet"],"_links":{"self":[{"href":"https:\/\/ucnoqta.az\/index.php?rest_route=\/wp\/v2\/posts\/201145","targetHints":{"allow":["GET"]}}],"collection":[{"href":"https:\/\/ucnoqta.az\/index.php?rest_route=\/wp\/v2\/posts"}],"about":[{"href":"https:\/\/ucnoqta.az\/index.php?rest_route=\/wp\/v2\/types\/post"}],"author":[{"embeddable":true,"href":"https:\/\/ucnoqta.az\/index.php?rest_route=\/wp\/v2\/users\/1"}],"replies":[{"embeddable":true,"href":"https:\/\/ucnoqta.az\/index.php?rest_route=%2Fwp%2Fv2%2Fcomments&post=201145"}],"version-history":[{"count":0,"href":"https:\/\/ucnoqta.az\/index.php?rest_route=\/wp\/v2\/posts\/201145\/revisions"}],"wp:featuredmedia":[{"embeddable":true,"href":"https:\/\/ucnoqta.az\/index.php?rest_route=\/wp\/v2\/media\/251278"}],"wp:attachment":[{"href":"https:\/\/ucnoqta.az\/index.php?rest_route=%2Fwp%2Fv2%2Fmedia&parent=201145"}],"wp:term":[{"taxonomy":"category","embeddable":true,"href":"https:\/\/ucnoqta.az\/index.php?rest_route=%2Fwp%2Fv2%2Fcategories&post=201145"},{"taxonomy":"post_tag","embeddable":true,"href":"https:\/\/ucnoqta.az\/index.php?rest_route=%2Fwp%2Fv2%2Ftags&post=201145"}],"curies":[{"name":"wp","href":"https:\/\/api.w.org\/{rel}","templated":true}]}}