{"id":201136,"date":"2024-04-30T10:35:50","date_gmt":"2024-04-30T06:35:50","guid":{"rendered":""},"modified":"-0001-11-30T00:00:00","modified_gmt":"-0001-11-29T20:00:00","slug":"","status":"publish","type":"post","link":"https:\/\/ucnoqta.az\/?p=201136","title":{"rendered":"Prezident Pakistan\u0131n MUSL\u0130M \u0130nstitutunun direktorunu q\u0259bul edib"},"content":{"rendered":"<p><strong>Az\u0259rbaycan Respublikas\u0131n\u0131n Prezidenti \u0130lham \u018fliyev aprelin 30-da Pakistan \u0130slam Respublikas\u0131n\u0131n MUSL\u0130M \u0130nstitutunun direktoru, Cunaqad \u015etat\u0131n\u0131n Ba\u015f naziri Sahibzad\u0259 Sultan \u018fhm\u0259d \u018flini q\u0259bul edib.<\/strong><\/p>\n<p>Ucnoqta.az x\u0259b\u0259r verir ki, g&ouml;r&uuml;\u015fd\u0259 Bak\u0131da ke&ccedil;iril\u0259c\u0259k &Uuml;mumd&uuml;nya M\u0259d\u0259niyy\u0259tl\u0259raras\u0131 Dialoq Forumunun \u0259h\u0259miyy\u0259ti vur\u011fulan\u0131b, bu t\u0259dbirin m&uuml;xt\u0259lif m\u0259d\u0259niyy\u0259tl\u0259rin n&uuml;may\u0259nd\u0259l\u0259ri aras\u0131nda \u0259laq\u0259l\u0259rin qurulmas\u0131 i\u015fin\u0259 t&ouml;hf\u0259 verdiyi qeyd olunub.<\/p>\n<p>S&ouml;hb\u0259t zaman\u0131 Az\u0259rbaycan-Pakistan \u0259laq\u0259l\u0259rin\u0259 toxunularaq &ouml;lk\u0259l\u0259rimiz aras\u0131nda dostluq v\u0259 qarda\u015fl\u0131q m&uuml;nasib\u0259tl\u0259rinin b&uuml;t&uuml;n sah\u0259l\u0259rd\u0259 u\u011furla inki\u015faf etdiyi bildirilib, m&uuml;xt\u0259lif m\u0259s\u0259l\u0259l\u0259rl\u0259 ba\u011fl\u0131 Az\u0259rbaycan\u0131n v\u0259 Pakistan\u0131n daim bir-birini d\u0259st\u0259kl\u0259m\u0259sinin &ouml;n\u0259mi vur\u011fulan\u0131b.<\/p>\n<p>G&ouml;r&uuml;\u015fd\u0259 Ulu &Ouml;nd\u0259r Heyd\u0259r \u018fliyevin Pakistana s\u0259f\u0259rinin &ouml;lk\u0259l\u0259rimiz aras\u0131nda \u0259laq\u0259l\u0259rin t\u0259m\u0259lini qoydu\u011fu qeyd edilib v\u0259 y&uuml;ks\u0259k s\u0259viyy\u0259d\u0259 h\u0259yata ke&ccedil;iril\u0259n qar\u015f\u0131l\u0131ql\u0131 s\u0259f\u0259rl\u0259rin v\u0259 g&ouml;r&uuml;\u015fl\u0259rin m&uuml;nasib\u0259tl\u0259rimizin m&ouml;hk\u0259ml\u0259nm\u0259si i\u015fin\u0259 t&ouml;hf\u0259 verdiyi bildirilib.<\/p>\n","protected":false},"excerpt":{"rendered":"<p>Az\u0259rbaycan Respublikas\u0131n\u0131n Prezidenti \u0130lham \u018fliyev aprelin 30-da Pakistan \u0130slam Respublikas\u0131n\u0131n MUSL\u0130M \u0130nstitutunun direktoru, Cunaqad \u015etat\u0131n\u0131n Ba\u015f naziri Sahibzad\u0259 Sultan \u018fhm\u0259d \u018flini q\u0259bul edib. Ucnoqta.az x\u0259b\u0259r verir ki, g&ouml;r&uuml;\u015fd\u0259 Bak\u0131da ke&ccedil;iril\u0259c\u0259k&hellip;<\/p>\n","protected":false},"author":1,"featured_media":251278,"comment_status":"open","ping_status":"open","sticky":false,"template":"","format":"standard","meta":{"_lmt_disableupdate":"","_lmt_disable":"","footnotes":""},"categories":[],"tags":[],"class_list":["post-201136","post","type-post","status-publish","format-standard","has-post-thumbnail","hentry"],"_links":{"self":[{"href":"https:\/\/ucnoqta.az\/index.php?rest_route=\/wp\/v2\/posts\/201136","targetHints":{"allow":["GET"]}}],"collection":[{"href":"https:\/\/ucnoqta.az\/index.php?rest_route=\/wp\/v2\/posts"}],"about":[{"href":"https:\/\/ucnoqta.az\/index.php?rest_route=\/wp\/v2\/types\/post"}],"author":[{"embeddable":true,"href":"https:\/\/ucnoqta.az\/index.php?rest_route=\/wp\/v2\/users\/1"}],"replies":[{"embeddable":true,"href":"https:\/\/ucnoqta.az\/index.php?rest_route=%2Fwp%2Fv2%2Fcomments&post=201136"}],"version-history":[{"count":0,"href":"https:\/\/ucnoqta.az\/index.php?rest_route=\/wp\/v2\/posts\/201136\/revisions"}],"wp:featuredmedia":[{"embeddable":true,"href":"https:\/\/ucnoqta.az\/index.php?rest_route=\/wp\/v2\/media\/251278"}],"wp:attachment":[{"href":"https:\/\/ucnoqta.az\/index.php?rest_route=%2Fwp%2Fv2%2Fmedia&parent=201136"}],"wp:term":[{"taxonomy":"category","embeddable":true,"href":"https:\/\/ucnoqta.az\/index.php?rest_route=%2Fwp%2Fv2%2Fcategories&post=201136"},{"taxonomy":"post_tag","embeddable":true,"href":"https:\/\/ucnoqta.az\/index.php?rest_route=%2Fwp%2Fv2%2Ftags&post=201136"}],"curies":[{"name":"wp","href":"https:\/\/api.w.org\/{rel}","templated":true}]}}