{"id":201132,"date":"2024-04-30T08:58:23","date_gmt":"2024-04-30T04:58:23","guid":{"rendered":""},"modified":"-0001-11-30T00:00:00","modified_gmt":"-0001-11-29T20:00:00","slug":"","status":"publish","type":"post","link":"https:\/\/ucnoqta.az\/?p=201132","title":{"rendered":"&#8220;TikTok&#8221; Avropa \u0130ttifaq\u0131nda bloklana bil\u0259r &#8211;"},"content":{"rendered":"<p><strong>&quot;TikTok&quot; Avropa \u0130ttifaq\u0131nda bloklana bil\u0259r.<\/strong><\/p>\n<p>Ucnoqta.az x\u0259b\u0259r verir ki, AB\u015e-\u0131n ard\u0131nca Avropada m\u0259\u015fhur sosial \u015f\u0259b\u0259k\u0259&nbsp;qada\u011fan oluna bil\u0259r. M\u0259lumata g&ouml;r\u0259, A\u0130-nin r\u0259hb\u0259ri Ursula Fon der Lyayen TikTok-un AB-d\u0259 qada\u011fan edilm\u0259sini istisna etm\u0259yib.<\/p>\n<p>Avropa Komissiyas\u0131n\u0131n prezidenti Ursula fon der Leyen TikTok-a Avropa \u0130ttifaq\u0131nda qada\u011fa qoyulmas\u0131n\u0131n tamamil\u0259 m&uuml;mk&uuml;n oldu\u011funa i\u015far\u0259 edib. O, TikTok-un sahibi ByteDance t\u0259r\u0259find\u0259n sat\u0131lmad\u0131\u011f\u0131 t\u0259qdird\u0259 milli qada\u011fa il\u0259 &uuml;zl\u0259\u015fdiyi AB\u015e-\u0131n xat\u0131rlanmas\u0131na cavab olaraq &quot;bu istisna deyil&quot; deyib.<\/p>\n<p>Eyni zamanda, Ursula Fon der&nbsp;Lyayen&nbsp;\u0259lav\u0259 edib ki, Avropa Komissiyas\u0131 &ldquo;d&uuml;nyada korporativ telefonlar\u0131m\u0131zda TikTok-u qada\u011fan ed\u0259n ilk qurum&rdquo; olub.<\/p>\n<p>&quot;Biz TikTok-un t\u0259hl&uuml;k\u0259l\u0259rini m&uuml;tl\u0259q bilirik&quot; &#8211; AK r\u0259hb\u0259ri vur\u011fulay\u0131b.<\/p>\n","protected":false},"excerpt":{"rendered":"<p>&quot;TikTok&quot; Avropa \u0130ttifaq\u0131nda bloklana bil\u0259r. Ucnoqta.az x\u0259b\u0259r verir ki, AB\u015e-\u0131n ard\u0131nca Avropada m\u0259\u015fhur sosial \u015f\u0259b\u0259k\u0259&nbsp;qada\u011fan oluna bil\u0259r. M\u0259lumata g&ouml;r\u0259, A\u0130-nin r\u0259hb\u0259ri Ursula Fon der Lyayen TikTok-un AB-d\u0259 qada\u011fan edilm\u0259sini istisna&hellip;<\/p>\n","protected":false},"author":1,"featured_media":251278,"comment_status":"open","ping_status":"open","sticky":false,"template":"","format":"standard","meta":{"_lmt_disableupdate":"","_lmt_disable":"","footnotes":""},"categories":[89],"tags":[],"class_list":["post-201132","post","type-post","status-publish","format-standard","has-post-thumbnail","hentry","category-dunya-butun-xeberler"],"_links":{"self":[{"href":"https:\/\/ucnoqta.az\/index.php?rest_route=\/wp\/v2\/posts\/201132","targetHints":{"allow":["GET"]}}],"collection":[{"href":"https:\/\/ucnoqta.az\/index.php?rest_route=\/wp\/v2\/posts"}],"about":[{"href":"https:\/\/ucnoqta.az\/index.php?rest_route=\/wp\/v2\/types\/post"}],"author":[{"embeddable":true,"href":"https:\/\/ucnoqta.az\/index.php?rest_route=\/wp\/v2\/users\/1"}],"replies":[{"embeddable":true,"href":"https:\/\/ucnoqta.az\/index.php?rest_route=%2Fwp%2Fv2%2Fcomments&post=201132"}],"version-history":[{"count":0,"href":"https:\/\/ucnoqta.az\/index.php?rest_route=\/wp\/v2\/posts\/201132\/revisions"}],"wp:featuredmedia":[{"embeddable":true,"href":"https:\/\/ucnoqta.az\/index.php?rest_route=\/wp\/v2\/media\/251278"}],"wp:attachment":[{"href":"https:\/\/ucnoqta.az\/index.php?rest_route=%2Fwp%2Fv2%2Fmedia&parent=201132"}],"wp:term":[{"taxonomy":"category","embeddable":true,"href":"https:\/\/ucnoqta.az\/index.php?rest_route=%2Fwp%2Fv2%2Fcategories&post=201132"},{"taxonomy":"post_tag","embeddable":true,"href":"https:\/\/ucnoqta.az\/index.php?rest_route=%2Fwp%2Fv2%2Ftags&post=201132"}],"curies":[{"name":"wp","href":"https:\/\/api.w.org\/{rel}","templated":true}]}}