{"id":201130,"date":"2024-04-30T08:39:12","date_gmt":"2024-04-30T04:39:12","guid":{"rendered":""},"modified":"-0001-11-30T00:00:00","modified_gmt":"-0001-11-29T20:00:00","slug":"","status":"publish","type":"post","link":"https:\/\/ucnoqta.az\/?p=201130","title":{"rendered":"Qazax\u0131standa sabiq D\u0130N r\u0259hb\u0259ri saxlan\u0131l\u0131b"},"content":{"rendered":"<p><strong>Qazax\u0131standa Daxili \u0130\u015fl\u0259r Nazirliyinin ke&ccedil;mi\u015f r\u0259hb\u0259ri Erlan Turqumbayev saxlan\u0131l\u0131b<\/strong><\/p>\n<p>Ucnoqta.az Qazax\u0131stan m\u0259tbuat\u0131na istinad\u0259n x\u0259b\u0259r verir ki, bundan \u0259vv\u0259l sosial \u015f\u0259b\u0259k\u0259l\u0259rd\u0259 Daxili \u0130\u015fl\u0259r Nazirliyinin sabiq r\u0259isinin saxlanmas\u0131 il\u0259 ba\u011fl\u0131 m\u0259lumat yay\u0131l\u0131b.<br \/>\nQeyd ed\u0259k ki, bir m&uuml;dd\u0259t \u0259vv\u0259l m\u0259tbuatda yanvar hadis\u0259l\u0259ri il\u0259 ba\u011fl\u0131 Erlan Turqumbayev\u0259 qar\u015f\u0131 cinay\u0259t i\u015fi a&ccedil;\u0131ld\u0131\u011f\u0131 bar\u0259d\u0259 m\u0259lumat yay\u0131l\u0131b.&nbsp;<\/p>\n<p>Mart ay\u0131nda Ba\u015f Prokurorluq b\u0259yan edib ki, ke&ccedil;mi\u015f daxili i\u015fl\u0259r naziri Turqumbayev yanvar hadis\u0259l\u0259ri zaman\u0131 asayi\u015fin v\u0259 t\u0259hl&uuml;k\u0259sizliyin t\u0259min olunmamas\u0131 il\u0259 ba\u011fl\u0131 h&uuml;quq-m&uuml;hafiz\u0259 orqanlar\u0131 \u0259m\u0259kda\u015flar\u0131na qar\u015f\u0131 apar\u0131lan istintaq &ccedil;\u0259r&ccedil;iv\u0259sind\u0259 dindirilib.<\/p>\n<p>Erlan Turqumbayev 1984-c&uuml; ild\u0259n Daxili \u0130\u015fl\u0259r Nazirliyind\u0259 &ccedil;al\u0131\u015f\u0131b.<\/p>\n<p>2012-ci ild\u0259n &#8211; Daxili \u0130\u015fl\u0259r Nazirinin m&uuml;avini, 2019-2022-ci ill\u0259rd\u0259 daxili i\u015fl\u0259r naziri v\u0259zif\u0259sind\u0259 &ccedil;al\u0131\u015f\u0131b.<\/p>\n","protected":false},"excerpt":{"rendered":"<p>Qazax\u0131standa Daxili \u0130\u015fl\u0259r Nazirliyinin ke&ccedil;mi\u015f r\u0259hb\u0259ri Erlan Turqumbayev saxlan\u0131l\u0131b Ucnoqta.az Qazax\u0131stan m\u0259tbuat\u0131na istinad\u0259n x\u0259b\u0259r verir ki, bundan \u0259vv\u0259l sosial \u015f\u0259b\u0259k\u0259l\u0259rd\u0259 Daxili \u0130\u015fl\u0259r Nazirliyinin sabiq r\u0259isinin saxlanmas\u0131 il\u0259 ba\u011fl\u0131 m\u0259lumat yay\u0131l\u0131b.&hellip;<\/p>\n","protected":false},"author":1,"featured_media":251278,"comment_status":"open","ping_status":"open","sticky":false,"template":"","format":"standard","meta":{"_lmt_disableupdate":"","_lmt_disable":"","footnotes":""},"categories":[89],"tags":[],"class_list":["post-201130","post","type-post","status-publish","format-standard","has-post-thumbnail","hentry","category-dunya-butun-xeberler"],"_links":{"self":[{"href":"https:\/\/ucnoqta.az\/index.php?rest_route=\/wp\/v2\/posts\/201130","targetHints":{"allow":["GET"]}}],"collection":[{"href":"https:\/\/ucnoqta.az\/index.php?rest_route=\/wp\/v2\/posts"}],"about":[{"href":"https:\/\/ucnoqta.az\/index.php?rest_route=\/wp\/v2\/types\/post"}],"author":[{"embeddable":true,"href":"https:\/\/ucnoqta.az\/index.php?rest_route=\/wp\/v2\/users\/1"}],"replies":[{"embeddable":true,"href":"https:\/\/ucnoqta.az\/index.php?rest_route=%2Fwp%2Fv2%2Fcomments&post=201130"}],"version-history":[{"count":0,"href":"https:\/\/ucnoqta.az\/index.php?rest_route=\/wp\/v2\/posts\/201130\/revisions"}],"wp:featuredmedia":[{"embeddable":true,"href":"https:\/\/ucnoqta.az\/index.php?rest_route=\/wp\/v2\/media\/251278"}],"wp:attachment":[{"href":"https:\/\/ucnoqta.az\/index.php?rest_route=%2Fwp%2Fv2%2Fmedia&parent=201130"}],"wp:term":[{"taxonomy":"category","embeddable":true,"href":"https:\/\/ucnoqta.az\/index.php?rest_route=%2Fwp%2Fv2%2Fcategories&post=201130"},{"taxonomy":"post_tag","embeddable":true,"href":"https:\/\/ucnoqta.az\/index.php?rest_route=%2Fwp%2Fv2%2Ftags&post=201130"}],"curies":[{"name":"wp","href":"https:\/\/api.w.org\/{rel}","templated":true}]}}