{"id":201127,"date":"2024-04-30T09:15:14","date_gmt":"2024-04-30T05:15:14","guid":{"rendered":""},"modified":"-0001-11-30T00:00:00","modified_gmt":"-0001-11-29T20:00:00","slug":"","status":"publish","type":"post","link":"https:\/\/ucnoqta.az\/?p=201127","title":{"rendered":"&#8220;Evdar xan\u0131mlar estetik etdirm\u0259sin&#8221;"},"content":{"rendered":"<p><strong>&quot;Efir insanlar\u0131 \u0259g\u0259r ehtiyac varsa, estetik etsinl\u0259r, amma evdar xan\u0131mlar yox. Ham\u0131 Cennifer Lopez kimi g&ouml;r&uuml;n\u0259 bilm\u0259z. Onlar bunu etdikc\u0259 &ccedil;ox s&uuml;ni olublar, dan\u0131\u015f\u0131qlar\u0131n\u0131 da itiribl\u0259r. Siz adi qad\u0131n olun, h\u0259yat yolda\u015f\u0131n\u0131za uy\u011fun. Yoxsa ki, ham\u0131 Cennifer Lopez, Diva olub. Bunu q\u0259bul etmir\u0259m. Bax\u0131rsan instaqrama, tan\u0131nmam\u0131\u015f insanlard\u0131rlar, amma bel\u0259. B\u0259sdirin. M&uuml;\u011f\u0259nnini bildik ki, ehtiyac\u0131 var, gec\u0259 vaxt\u0131nda yata bilmir, k&ouml;k\u0259lir&quot;.&nbsp;<\/strong><\/p>\n<p>Bu s&ouml;zl\u0259ri m&uuml;\u011f\u0259nni Xatun \u018fliyeva &quot;S\u0259h\u0259r g&ouml;r&uuml;\u015fl\u0259ri Lamiyy\u0259 \u018fl\u0259kb\u0259rova il\u0259&quot; verili\u015find\u0259 qonaq olark\u0259n deyib. O, yenid\u0259n estetik \u0259m\u0259liyyat etdir\u0259c\u0259yini a&ccedil;\u0131qlay\u0131b:<\/p>\n<p>&quot;Dietoloqum m\u0259n\u0259 deyir ki, ax\u015fam 6-dan sonra q\u0259ti yem\u0259k yem\u0259k olmaz. Niy\u0259? Gedir\u0259m restorana, bal\u0131\u011f\u0131 g\u0259tirirl\u0259r qara ikra il\u0259, yem\u0259yim? Ondan evd\u0259 var? Ham\u0131 deyir ki, ac yat\u0131n, &ouml;l&uuml;n ac\u0131ndan. O g&uuml;n dedil\u0259r ki, \u0259m\u0259liyyat etdir\u0259nl\u0259rin i&ccedil;ind\u0259 \u0259n q\u0259\u015f\u0259ngi bir Divadad\u0131r (Xalq artisti Ayg&uuml;n Kaz\u0131mova &#8211; red.), bir d\u0259 s\u0259nd\u0259. &Ccedil;&uuml;nki &uuml;r\u0259yimiz t\u0259mizdir. &Ccedil;&uuml;nki biz he&ccedil; kim\u0259 pax\u0131ll\u0131q etmirik. \u018fm\u0259liyyatdan sonra anam dua edirdi, a\u011fz\u0131m \u0259yilmi\u015fdi. H\u0259kim dedi, d&uuml;z\u0259l\u0259c\u0259k. H\u0259l\u0259 bir il tamam olmay\u0131b. Yen\u0259 d\u0259 el\u0259tdir\u0259c\u0259y\u0259m&quot;.&nbsp;<\/p>\n","protected":false},"excerpt":{"rendered":"<p>&quot;Efir insanlar\u0131 \u0259g\u0259r ehtiyac varsa, estetik etsinl\u0259r, amma evdar xan\u0131mlar yox. Ham\u0131 Cennifer Lopez kimi g&ouml;r&uuml;n\u0259 bilm\u0259z. Onlar bunu etdikc\u0259 &ccedil;ox s&uuml;ni olublar, dan\u0131\u015f\u0131qlar\u0131n\u0131 da itiribl\u0259r. Siz adi qad\u0131n olun,&hellip;<\/p>\n","protected":false},"author":1,"featured_media":251278,"comment_status":"open","ping_status":"open","sticky":false,"template":"","format":"standard","meta":{"_lmt_disableupdate":"","_lmt_disable":"","footnotes":""},"categories":[101],"tags":[],"class_list":["post-201127","post","type-post","status-publish","format-standard","has-post-thumbnail","hentry","category-cemiyyet"],"_links":{"self":[{"href":"https:\/\/ucnoqta.az\/index.php?rest_route=\/wp\/v2\/posts\/201127","targetHints":{"allow":["GET"]}}],"collection":[{"href":"https:\/\/ucnoqta.az\/index.php?rest_route=\/wp\/v2\/posts"}],"about":[{"href":"https:\/\/ucnoqta.az\/index.php?rest_route=\/wp\/v2\/types\/post"}],"author":[{"embeddable":true,"href":"https:\/\/ucnoqta.az\/index.php?rest_route=\/wp\/v2\/users\/1"}],"replies":[{"embeddable":true,"href":"https:\/\/ucnoqta.az\/index.php?rest_route=%2Fwp%2Fv2%2Fcomments&post=201127"}],"version-history":[{"count":0,"href":"https:\/\/ucnoqta.az\/index.php?rest_route=\/wp\/v2\/posts\/201127\/revisions"}],"wp:featuredmedia":[{"embeddable":true,"href":"https:\/\/ucnoqta.az\/index.php?rest_route=\/wp\/v2\/media\/251278"}],"wp:attachment":[{"href":"https:\/\/ucnoqta.az\/index.php?rest_route=%2Fwp%2Fv2%2Fmedia&parent=201127"}],"wp:term":[{"taxonomy":"category","embeddable":true,"href":"https:\/\/ucnoqta.az\/index.php?rest_route=%2Fwp%2Fv2%2Fcategories&post=201127"},{"taxonomy":"post_tag","embeddable":true,"href":"https:\/\/ucnoqta.az\/index.php?rest_route=%2Fwp%2Fv2%2Ftags&post=201127"}],"curies":[{"name":"wp","href":"https:\/\/api.w.org\/{rel}","templated":true}]}}