{"id":201123,"date":"2024-04-30T08:02:50","date_gmt":"2024-04-30T04:02:50","guid":{"rendered":""},"modified":"-0001-11-30T00:00:00","modified_gmt":"-0001-11-29T20:00:00","slug":"","status":"publish","type":"post","link":"https:\/\/ucnoqta.az\/?p=201123","title":{"rendered":"La\u00e7\u0131na v\u0259 Zabuxa n\u00f6vb\u0259ti k\u00f6\u00e7\u00a0yola d\u00fc\u015fd\u00fc &#8211;"},"content":{"rendered":"<p><strong>Respublikan\u0131n m&uuml;xt\u0259lif \u0259razil\u0259rind\u0259 yataqxana, sanatoriya, pioner d&uuml;\u015f\u0259rg\u0259si, yar\u0131m&ccedil;\u0131q tikilil\u0259r v\u0259 inzibati binalarda m&uuml;v\u0259qq\u0259ti m\u0259skunla\u015fm\u0131\u015f ail\u0259l\u0259rd\u0259n ibar\u0259t n&ouml;vb\u0259ti k&ouml;&ccedil; karvan\u0131 aprelin 30-da Bak\u0131 \u015f\u0259h\u0259rinin Qarada\u011f rayonundan yola sal\u0131n\u0131b.<\/strong><\/p>\n<p>Ucnoqta.az&nbsp;x\u0259b\u0259r verir ki, bu m\u0259rh\u0259l\u0259d\u0259 La&ccedil;\u0131n \u015f\u0259h\u0259rin\u0259 daha 21 ail\u0259 &#8211; 65 n\u0259f\u0259r, La&ccedil;\u0131n rayonunun Zabux k\u0259ndin\u0259 2 ail\u0259, 4 n\u0259f\u0259r k&ouml;&ccedil;&uuml;r&uuml;l&uuml;b.<\/p>\n<p>Bak\u0131 v\u0259 Sumqay\u0131t \u015f\u0259h\u0259rl\u0259rind\u0259n, Ab\u015feron rayonundan k&ouml;&ccedil;&uuml;r&uuml;l\u0259n 16 ail\u0259 (48 n\u0259f\u0259r) paytaxt\u0131n Qarada\u011f rayonundan yola sal\u0131n\u0131b.<\/p>\n<p>A\u011fcab\u0259di, K&uuml;rd\u0259mir v\u0259 Beyl\u0259qan rayonlar\u0131nda m\u0259skunla\u015fm\u0131\u015f 7 ail\u0259 (21 n\u0259f\u0259r) m\u0259skunla\u015fd\u0131qlar\u0131 \u0259razid\u0259n yola sal\u0131nacaq v\u0259 F&uuml;zuli rayonunun \u018fhm\u0259db\u0259yli k\u0259ndind\u0259 k&ouml;&ccedil; karvan\u0131na qo\u015fulacaq.<\/p>\n<p>Xat\u0131rladaq ki, indiy\u0259d\u0259k La&ccedil;\u0131n \u015f\u0259h\u0259rind\u0259 493 ail\u0259nin, y\u0259ni 1838 n\u0259f\u0259rin, Zabux k\u0259ndind\u0259 217 ail\u0259, 823 n\u0259f\u0259rin daimi m\u0259skunla\u015fmas\u0131 t\u0259min edilib.<\/p>\n","protected":false},"excerpt":{"rendered":"<p>Respublikan\u0131n m&uuml;xt\u0259lif \u0259razil\u0259rind\u0259 yataqxana, sanatoriya, pioner d&uuml;\u015f\u0259rg\u0259si, yar\u0131m&ccedil;\u0131q tikilil\u0259r v\u0259 inzibati binalarda m&uuml;v\u0259qq\u0259ti m\u0259skunla\u015fm\u0131\u015f ail\u0259l\u0259rd\u0259n ibar\u0259t n&ouml;vb\u0259ti k&ouml;&ccedil; karvan\u0131 aprelin 30-da Bak\u0131 \u015f\u0259h\u0259rinin Qarada\u011f rayonundan yola sal\u0131n\u0131b. Ucnoqta.az&nbsp;x\u0259b\u0259r verir ki,&hellip;<\/p>\n","protected":false},"author":1,"featured_media":251278,"comment_status":"open","ping_status":"open","sticky":false,"template":"","format":"standard","meta":{"_lmt_disableupdate":"","_lmt_disable":"","footnotes":""},"categories":[91],"tags":[],"class_list":["post-201123","post","type-post","status-publish","format-standard","has-post-thumbnail","hentry","category-olkeici"],"_links":{"self":[{"href":"https:\/\/ucnoqta.az\/index.php?rest_route=\/wp\/v2\/posts\/201123","targetHints":{"allow":["GET"]}}],"collection":[{"href":"https:\/\/ucnoqta.az\/index.php?rest_route=\/wp\/v2\/posts"}],"about":[{"href":"https:\/\/ucnoqta.az\/index.php?rest_route=\/wp\/v2\/types\/post"}],"author":[{"embeddable":true,"href":"https:\/\/ucnoqta.az\/index.php?rest_route=\/wp\/v2\/users\/1"}],"replies":[{"embeddable":true,"href":"https:\/\/ucnoqta.az\/index.php?rest_route=%2Fwp%2Fv2%2Fcomments&post=201123"}],"version-history":[{"count":0,"href":"https:\/\/ucnoqta.az\/index.php?rest_route=\/wp\/v2\/posts\/201123\/revisions"}],"wp:featuredmedia":[{"embeddable":true,"href":"https:\/\/ucnoqta.az\/index.php?rest_route=\/wp\/v2\/media\/251278"}],"wp:attachment":[{"href":"https:\/\/ucnoqta.az\/index.php?rest_route=%2Fwp%2Fv2%2Fmedia&parent=201123"}],"wp:term":[{"taxonomy":"category","embeddable":true,"href":"https:\/\/ucnoqta.az\/index.php?rest_route=%2Fwp%2Fv2%2Fcategories&post=201123"},{"taxonomy":"post_tag","embeddable":true,"href":"https:\/\/ucnoqta.az\/index.php?rest_route=%2Fwp%2Fv2%2Ftags&post=201123"}],"curies":[{"name":"wp","href":"https:\/\/api.w.org\/{rel}","templated":true}]}}