{"id":201110,"date":"2024-04-29T21:06:43","date_gmt":"2024-04-29T17:06:43","guid":{"rendered":""},"modified":"-0001-11-30T00:00:00","modified_gmt":"-0001-11-29T20:00:00","slug":"","status":"publish","type":"post","link":"https:\/\/ucnoqta.az\/?p=201110","title":{"rendered":"Mehriban \u018fliyeva \u00dclviyy\u0259 F\u0259t\u0259liyevan\u0131 t\u0259brik etdi"},"content":{"rendered":"<p><strong>Az\u0259rbaycan Respublikas\u0131n\u0131n Birinci vitse-prezidenti Mehriban \u018fliyeva Avropa &ccedil;empionu titulunu qazanan Az\u0259rbaycan\u0131n ilk qad\u0131n \u015fahmat&ccedil;\u0131s\u0131 &Uuml;lviyy\u0259 F\u0259t\u0259liyevan\u0131 t\u0259brik edib.<\/strong><\/p>\n<p>Ucnoqta.az x\u0259b\u0259r verir ki, t\u0259brik Birinci vitse-prezidentin r\u0259smi instaqram s\u0259hif\u0259sind\u0259 payla\u015f\u0131l\u0131b.<\/p>\n<p>&quot;\u018fziz &Uuml;lviyy\u0259! Parlaq q\u0259l\u0259b\u0259 m&uuml;nasib\u0259til\u0259 s\u0259ni &uuml;r\u0259kd\u0259n t\u0259brik edir\u0259m! \u018fm\u0259yin\u0259 v\u0259 irad\u0259n\u0259 g&ouml;r\u0259 &ccedil;ox sa\u011f ol! S\u0259ninl\u0259 f\u0259xr edir\u0259m! Az\u0259rbaycana Q\u0259l\u0259b\u0259l\u0259r yara\u015f\u0131r!&quot;, &#8211; payla\u015f\u0131mda deyilir.<\/p>\n<p><iframe allowfullscreen=\"true\" allowtransparency=\"true\" data-instgrm-payload-id=\"instagram-media-payload-0\" frameborder=\"0\" height=\"726\" id=\"instagram-embed-0\" scrolling=\"no\" src=\"https:\/\/www.instagram.com\/p\/C6WhzFYqdXk\/embed\/captioned\/?cr=1&amp;v=14&amp;wp=540&amp;rd=https%3A%2F%2Freport.az&amp;rp=%2Fdaxili-siyaset%2Fmehriban-eliyeva-azerbaycanli-sahmatci-ulviyye-feteliyevani-tebrik-edib%2F#%7B%22ci%22%3A0%2C%22os%22%3A883.6000000238419%2C%22ls%22%3A256.69999998807907%2C%22le%22%3A868.1000000238419%7D\"><\/iframe><\/p>\n","protected":false},"excerpt":{"rendered":"<p>Az\u0259rbaycan Respublikas\u0131n\u0131n Birinci vitse-prezidenti Mehriban \u018fliyeva Avropa &ccedil;empionu titulunu qazanan Az\u0259rbaycan\u0131n ilk qad\u0131n \u015fahmat&ccedil;\u0131s\u0131 &Uuml;lviyy\u0259 F\u0259t\u0259liyevan\u0131 t\u0259brik edib. Ucnoqta.az x\u0259b\u0259r verir ki, t\u0259brik Birinci vitse-prezidentin r\u0259smi instaqram s\u0259hif\u0259sind\u0259 payla\u015f\u0131l\u0131b. &quot;\u018fziz&hellip;<\/p>\n","protected":false},"author":1,"featured_media":251278,"comment_status":"open","ping_status":"open","sticky":false,"template":"","format":"standard","meta":{"_lmt_disableupdate":"","_lmt_disable":"","footnotes":""},"categories":[101],"tags":[],"class_list":["post-201110","post","type-post","status-publish","format-standard","has-post-thumbnail","hentry","category-cemiyyet"],"_links":{"self":[{"href":"https:\/\/ucnoqta.az\/index.php?rest_route=\/wp\/v2\/posts\/201110","targetHints":{"allow":["GET"]}}],"collection":[{"href":"https:\/\/ucnoqta.az\/index.php?rest_route=\/wp\/v2\/posts"}],"about":[{"href":"https:\/\/ucnoqta.az\/index.php?rest_route=\/wp\/v2\/types\/post"}],"author":[{"embeddable":true,"href":"https:\/\/ucnoqta.az\/index.php?rest_route=\/wp\/v2\/users\/1"}],"replies":[{"embeddable":true,"href":"https:\/\/ucnoqta.az\/index.php?rest_route=%2Fwp%2Fv2%2Fcomments&post=201110"}],"version-history":[{"count":0,"href":"https:\/\/ucnoqta.az\/index.php?rest_route=\/wp\/v2\/posts\/201110\/revisions"}],"wp:featuredmedia":[{"embeddable":true,"href":"https:\/\/ucnoqta.az\/index.php?rest_route=\/wp\/v2\/media\/251278"}],"wp:attachment":[{"href":"https:\/\/ucnoqta.az\/index.php?rest_route=%2Fwp%2Fv2%2Fmedia&parent=201110"}],"wp:term":[{"taxonomy":"category","embeddable":true,"href":"https:\/\/ucnoqta.az\/index.php?rest_route=%2Fwp%2Fv2%2Fcategories&post=201110"},{"taxonomy":"post_tag","embeddable":true,"href":"https:\/\/ucnoqta.az\/index.php?rest_route=%2Fwp%2Fv2%2Ftags&post=201110"}],"curies":[{"name":"wp","href":"https:\/\/api.w.org\/{rel}","templated":true}]}}