{"id":201109,"date":"2024-04-29T19:54:16","date_gmt":"2024-04-29T15:54:16","guid":{"rendered":""},"modified":"-0001-11-30T00:00:00","modified_gmt":"-0001-11-29T20:00:00","slug":"","status":"publish","type":"post","link":"https:\/\/ucnoqta.az\/?p=201109","title":{"rendered":"Sabah Yard\u0131ml\u0131 v\u0259 Masall\u0131n\u0131n b\u0259zi \u0259razil\u0259rind\u0259 qaz olmayacaq"},"content":{"rendered":"<p><strong>Yard\u0131ml\u0131 rayonu \u0259razisind\u0259 &ldquo;Ordahal-Yard\u0131ml\u0131&rdquo; y&uuml;ks\u0259k t\u0259zyiqli magistral qaz k\u0259m\u0259rind\u0259 yaranm\u0131\u015f qaz s\u0131zmalar\u0131n\u0131n l\u0259\u011fv edilm\u0259si il\u0259 ba\u011fl\u0131 sabah saat 10:00-dan i\u015fl\u0259r ba\u015fa &ccedil;atanad\u0259k Yard\u0131ml\u0131 \u015f\u0259h\u0259ri v\u0259 rayonun 15 k\u0259ndi olmaqla, &uuml;mumilikd\u0259 3500 abonentin qaz t\u0259chizat\u0131n\u0131n m\u0259hdudla\u015fd\u0131r\u0131lmas\u0131, i\u015fl\u0259r ba\u015fa &ccedil;atd\u0131qdan sonra qaz t\u0259chizat\u0131n\u0131n b\u0259rpas\u0131 n\u0259z\u0259rd\u0259 tutulub.<\/strong><\/p>\n<p>Ucnoqta.az x\u0259b\u0259r verir ki, h\u0259m&ccedil;inin Masall\u0131 rayonu \u0259razisind\u0259 yerl\u0259\u015f\u0259n, &ldquo;Masall\u0131&quot; qaz paylay\u0131c\u0131 stansiyada qazt\u0259nziml\u0259yicinin qura\u015fd\u0131r\u0131lmas\u0131 &uuml;&ccedil;&uuml;n, Masall\u0131 \u015f\u0259h\u0259ri, Seyb\u0259tin, S\u0259midxan-2, \u018frkivan q\u0259s\u0259b\u0259si, &Ouml;nc\u0259qala, H&uuml;seyinhac\u0131l\u0131, Musak&uuml;&ccedil;\u0259, G\u0259y\u0259&ccedil;&ouml;l, X\u0131l, Sir\u0259bil, S\u0259r&ccedil;&uuml;var, T\u0259z\u0259k\u0259nd, Q\u0259ribl\u0259r, \u0130sil\u0259r, Nin\u0259lov, M\u0259mm\u0259drzak&uuml;&ccedil;\u0259, Q\u0131z\u0131lavar , Kolatan k\u0259ndl\u0259ri olmaqla 17000 \u0259hali abonentin v\u0259 225 s\u0259naye obyektinin qaz t\u0259chizat\u0131n\u0131n sabah saat 10:00-dan i\u015fl\u0259r yekunla\u015fana q\u0259d\u0259r dayand\u0131r\u0131lmas\u0131 planla\u015fd\u0131r\u0131l\u0131r.<\/p>\n<p>Qaz t\u0259chizat\u0131 avadanl\u0131qlar\u0131n\u0131 n\u0259zar\u0259td\u0259 saxlamaq v\u0259 t\u0259hl&uuml;k\u0259sizlik t\u0259dbirl\u0259rin\u0259 riay\u0259t etm\u0259k xahi\u015f edilir.<\/p>\n","protected":false},"excerpt":{"rendered":"<p>Yard\u0131ml\u0131 rayonu \u0259razisind\u0259 &ldquo;Ordahal-Yard\u0131ml\u0131&rdquo; y&uuml;ks\u0259k t\u0259zyiqli magistral qaz k\u0259m\u0259rind\u0259 yaranm\u0131\u015f qaz s\u0131zmalar\u0131n\u0131n l\u0259\u011fv edilm\u0259si il\u0259 ba\u011fl\u0131 sabah saat 10:00-dan i\u015fl\u0259r ba\u015fa &ccedil;atanad\u0259k Yard\u0131ml\u0131 \u015f\u0259h\u0259ri v\u0259 rayonun 15 k\u0259ndi olmaqla, &uuml;mumilikd\u0259&hellip;<\/p>\n","protected":false},"author":1,"featured_media":251278,"comment_status":"open","ping_status":"open","sticky":false,"template":"","format":"standard","meta":{"_lmt_disableupdate":"","_lmt_disable":"","footnotes":""},"categories":[91],"tags":[],"class_list":["post-201109","post","type-post","status-publish","format-standard","has-post-thumbnail","hentry","category-olkeici"],"_links":{"self":[{"href":"https:\/\/ucnoqta.az\/index.php?rest_route=\/wp\/v2\/posts\/201109","targetHints":{"allow":["GET"]}}],"collection":[{"href":"https:\/\/ucnoqta.az\/index.php?rest_route=\/wp\/v2\/posts"}],"about":[{"href":"https:\/\/ucnoqta.az\/index.php?rest_route=\/wp\/v2\/types\/post"}],"author":[{"embeddable":true,"href":"https:\/\/ucnoqta.az\/index.php?rest_route=\/wp\/v2\/users\/1"}],"replies":[{"embeddable":true,"href":"https:\/\/ucnoqta.az\/index.php?rest_route=%2Fwp%2Fv2%2Fcomments&post=201109"}],"version-history":[{"count":0,"href":"https:\/\/ucnoqta.az\/index.php?rest_route=\/wp\/v2\/posts\/201109\/revisions"}],"wp:featuredmedia":[{"embeddable":true,"href":"https:\/\/ucnoqta.az\/index.php?rest_route=\/wp\/v2\/media\/251278"}],"wp:attachment":[{"href":"https:\/\/ucnoqta.az\/index.php?rest_route=%2Fwp%2Fv2%2Fmedia&parent=201109"}],"wp:term":[{"taxonomy":"category","embeddable":true,"href":"https:\/\/ucnoqta.az\/index.php?rest_route=%2Fwp%2Fv2%2Fcategories&post=201109"},{"taxonomy":"post_tag","embeddable":true,"href":"https:\/\/ucnoqta.az\/index.php?rest_route=%2Fwp%2Fv2%2Ftags&post=201109"}],"curies":[{"name":"wp","href":"https:\/\/api.w.org\/{rel}","templated":true}]}}