{"id":201108,"date":"2024-04-29T19:35:36","date_gmt":"2024-04-29T15:35:36","guid":{"rendered":""},"modified":"-0001-11-30T00:00:00","modified_gmt":"-0001-11-29T20:00:00","slug":"","status":"publish","type":"post","link":"https:\/\/ucnoqta.az\/?p=201108","title":{"rendered":"G\u00fcrc\u00fcstan parlamenti qalmaqall\u0131 qanun layih\u0259sini ikinci oxunu\u015fda d\u0259st\u0259kl\u0259yib"},"content":{"rendered":"<p><strong>G&uuml;rc&uuml;stan parlamentinin H&uuml;quq Komit\u0259si &ldquo;Xarici agentl\u0259r haqq\u0131nda&rdquo; qanun layih\u0259sini ikinci oxunu\u015fda d\u0259st\u0259kl\u0259yib.<\/strong><\/p>\n<p>Ucnoqta.az x\u0259b\u0259r verir ki,&nbsp;hakim &ldquo;G&uuml;rc&uuml; Arzusu &#8211; Demokratik G&uuml;rc&uuml;stan&rdquo; partiyas\u0131 is\u0259 &ouml;lk\u0259 parlamentinin binas\u0131 qar\u015f\u0131s\u0131nda &ouml;z t\u0259\u015f\u0259bb&uuml;sl\u0259rini, o c&uuml;ml\u0259d\u0259n xarici agentl\u0259r haqq\u0131nda qanunun q\u0259bulunu d\u0259st\u0259kl\u0259m\u0259k &uuml;&ccedil;&uuml;n minl\u0259rl\u0259 insan\u0131n i\u015ftirak\u0131 il\u0259 mitinq ke&ccedil;irir.<\/p>\n<p>G&uuml;rc&uuml;stan bayraqlar\u0131 il\u0259 minl\u0259rl\u0259 insan Tbilisinin Rustaveli prospektini doldurub. \u0130nsanlar mitinq\u0259 g\u0259lm\u0259kd\u0259 davam edir.&nbsp;<\/p>\n<p>&Ccedil;oxlu aksiya i\u015ftirak&ccedil;\u0131s\u0131 rayonlardan avtobus v\u0259 mikroavtobuslarla m&uuml;t\u0259\u015f\u0259kkil \u015f\u0259kild\u0259 paytaxta g\u0259tirilib. M&uuml;xalif\u0259t televiziya kanallar\u0131n\u0131n verdiyi m\u0259lumata g&ouml;r\u0259, topla\u015fanlar aras\u0131nda mitinqd\u0259 i\u015ftirak etm\u0259li olan &ccedil;oxlu h&ouml;kum\u0259t i\u015f&ccedil;il\u0259ri d\u0259 var.<\/p>\n","protected":false},"excerpt":{"rendered":"<p>G&uuml;rc&uuml;stan parlamentinin H&uuml;quq Komit\u0259si &ldquo;Xarici agentl\u0259r haqq\u0131nda&rdquo; qanun layih\u0259sini ikinci oxunu\u015fda d\u0259st\u0259kl\u0259yib. Ucnoqta.az x\u0259b\u0259r verir ki,&nbsp;hakim &ldquo;G&uuml;rc&uuml; Arzusu &#8211; Demokratik G&uuml;rc&uuml;stan&rdquo; partiyas\u0131 is\u0259 &ouml;lk\u0259 parlamentinin binas\u0131 qar\u015f\u0131s\u0131nda &ouml;z t\u0259\u015f\u0259bb&uuml;sl\u0259rini, o&hellip;<\/p>\n","protected":false},"author":1,"featured_media":251278,"comment_status":"open","ping_status":"open","sticky":false,"template":"","format":"standard","meta":{"_lmt_disableupdate":"","_lmt_disable":"","footnotes":""},"categories":[89],"tags":[],"class_list":["post-201108","post","type-post","status-publish","format-standard","has-post-thumbnail","hentry","category-dunya-butun-xeberler"],"_links":{"self":[{"href":"https:\/\/ucnoqta.az\/index.php?rest_route=\/wp\/v2\/posts\/201108","targetHints":{"allow":["GET"]}}],"collection":[{"href":"https:\/\/ucnoqta.az\/index.php?rest_route=\/wp\/v2\/posts"}],"about":[{"href":"https:\/\/ucnoqta.az\/index.php?rest_route=\/wp\/v2\/types\/post"}],"author":[{"embeddable":true,"href":"https:\/\/ucnoqta.az\/index.php?rest_route=\/wp\/v2\/users\/1"}],"replies":[{"embeddable":true,"href":"https:\/\/ucnoqta.az\/index.php?rest_route=%2Fwp%2Fv2%2Fcomments&post=201108"}],"version-history":[{"count":0,"href":"https:\/\/ucnoqta.az\/index.php?rest_route=\/wp\/v2\/posts\/201108\/revisions"}],"wp:featuredmedia":[{"embeddable":true,"href":"https:\/\/ucnoqta.az\/index.php?rest_route=\/wp\/v2\/media\/251278"}],"wp:attachment":[{"href":"https:\/\/ucnoqta.az\/index.php?rest_route=%2Fwp%2Fv2%2Fmedia&parent=201108"}],"wp:term":[{"taxonomy":"category","embeddable":true,"href":"https:\/\/ucnoqta.az\/index.php?rest_route=%2Fwp%2Fv2%2Fcategories&post=201108"},{"taxonomy":"post_tag","embeddable":true,"href":"https:\/\/ucnoqta.az\/index.php?rest_route=%2Fwp%2Fv2%2Ftags&post=201108"}],"curies":[{"name":"wp","href":"https:\/\/api.w.org\/{rel}","templated":true}]}}