{"id":201106,"date":"2024-04-29T19:07:14","date_gmt":"2024-04-29T15:07:14","guid":{"rendered":""},"modified":"-0001-11-30T00:00:00","modified_gmt":"-0001-11-29T20:00:00","slug":"","status":"publish","type":"post","link":"https:\/\/ucnoqta.az\/?p=201106","title":{"rendered":"&#8220;Lufthansa&#8221; Tehrana u\u00e7u\u015flar\u0131n dayand\u0131r\u0131lmas\u0131n\u0131 may\u0131n 9-d\u0259k uzad\u0131b"},"content":{"rendered":"<p><strong>Almaniyan\u0131n \u0259n b&ouml;y&uuml;k avia\u015firk\u0259ti &quot;Lufthansa&quot; Tehrana u&ccedil;u\u015flar\u0131n dayand\u0131r\u0131lmas\u0131n\u0131 may\u0131n 9-d\u0259k uzad\u0131b. <\/strong><\/p>\n<p>Ucnoqta.az x\u0259b\u0259r verir ki, bu bar\u0259d\u0259 aviada\u015f\u0131y\u0131c\u0131n\u0131n sayt\u0131nda d\u0259rc edilmi\u015f m\u0259lumatda deyilir.<\/p>\n<p>Bundan \u0259lav\u0259, avia\u015firk\u0259t \u0130ran\u0131n hava m\u0259kan\u0131na daxil olmaqdan &ccedil;\u0259kinm\u0259y\u0259 davam ed\u0259c\u0259k.<\/p>\n<p>Lufthansa \u0259vv\u0259ll\u0259r aprelin 30-d\u0259k Tehrana u&ccedil;u\u015flar\u0131 dayand\u0131r\u0131b. Bu q\u0259rar Yax\u0131n \u015e\u0259rqd\u0259 v\u0259ziyy\u0259tin g\u0259rginl\u0259\u015fm\u0259si il\u0259 \u0259laq\u0259dar q\u0259bul edilib.<\/p>\n","protected":false},"excerpt":{"rendered":"<p>Almaniyan\u0131n \u0259n b&ouml;y&uuml;k avia\u015firk\u0259ti &quot;Lufthansa&quot; Tehrana u&ccedil;u\u015flar\u0131n dayand\u0131r\u0131lmas\u0131n\u0131 may\u0131n 9-d\u0259k uzad\u0131b. Ucnoqta.az x\u0259b\u0259r verir ki, bu bar\u0259d\u0259 aviada\u015f\u0131y\u0131c\u0131n\u0131n sayt\u0131nda d\u0259rc edilmi\u015f m\u0259lumatda deyilir. Bundan \u0259lav\u0259, avia\u015firk\u0259t \u0130ran\u0131n hava m\u0259kan\u0131na daxil&hellip;<\/p>\n","protected":false},"author":1,"featured_media":251278,"comment_status":"open","ping_status":"open","sticky":false,"template":"","format":"standard","meta":{"_lmt_disableupdate":"","_lmt_disable":"","footnotes":""},"categories":[89],"tags":[],"class_list":["post-201106","post","type-post","status-publish","format-standard","has-post-thumbnail","hentry","category-dunya-butun-xeberler"],"_links":{"self":[{"href":"https:\/\/ucnoqta.az\/index.php?rest_route=\/wp\/v2\/posts\/201106","targetHints":{"allow":["GET"]}}],"collection":[{"href":"https:\/\/ucnoqta.az\/index.php?rest_route=\/wp\/v2\/posts"}],"about":[{"href":"https:\/\/ucnoqta.az\/index.php?rest_route=\/wp\/v2\/types\/post"}],"author":[{"embeddable":true,"href":"https:\/\/ucnoqta.az\/index.php?rest_route=\/wp\/v2\/users\/1"}],"replies":[{"embeddable":true,"href":"https:\/\/ucnoqta.az\/index.php?rest_route=%2Fwp%2Fv2%2Fcomments&post=201106"}],"version-history":[{"count":0,"href":"https:\/\/ucnoqta.az\/index.php?rest_route=\/wp\/v2\/posts\/201106\/revisions"}],"wp:featuredmedia":[{"embeddable":true,"href":"https:\/\/ucnoqta.az\/index.php?rest_route=\/wp\/v2\/media\/251278"}],"wp:attachment":[{"href":"https:\/\/ucnoqta.az\/index.php?rest_route=%2Fwp%2Fv2%2Fmedia&parent=201106"}],"wp:term":[{"taxonomy":"category","embeddable":true,"href":"https:\/\/ucnoqta.az\/index.php?rest_route=%2Fwp%2Fv2%2Fcategories&post=201106"},{"taxonomy":"post_tag","embeddable":true,"href":"https:\/\/ucnoqta.az\/index.php?rest_route=%2Fwp%2Fv2%2Ftags&post=201106"}],"curies":[{"name":"wp","href":"https:\/\/api.w.org\/{rel}","templated":true}]}}