{"id":201104,"date":"2024-04-29T18:52:00","date_gmt":"2024-04-29T14:52:00","guid":{"rendered":""},"modified":"-0001-11-30T00:00:00","modified_gmt":"-0001-11-29T20:00:00","slug":"","status":"publish","type":"post","link":"https:\/\/ucnoqta.az\/?p=201104","title":{"rendered":"&#8220;Tap\u015f\u0131r\u0131qlar\u0131 \u0259sas\u0259n N\u0259cm\u0259ddin Sad\u0131qovdan al\u0131rd\u0131q &#8230;&#8221;"},"content":{"rendered":"<p><strong>M&uuml;dafi\u0259 Nazirliyinin m\u0259nims\u0259m\u0259y\u0259 g&ouml;r\u0259 tutulmu\u015f Maliyy\u0259 v\u0259 B&uuml;dc\u0259 \u0130dar\u0259sinin sabiq r\u0259isi general-mayor Nizami M\u0259mm\u0259dov, H\u0259rbi Hava Q&uuml;vv\u0259l\u0259rinin Maliyy\u0259 Xidm\u0259tinin sabiq r\u0259isi polkovnik C\u0259lal Kaz\u0131mov, Quru Qo\u015funlar\u0131n Maliyy\u0259 \u0130dar\u0259sinin r\u0259isi Bayram Bayramov v\u0259 H\u0259rbi D\u0259niz Q&uuml;vv\u0259l\u0259rinin Maliyy\u0259 Xidm\u0259tinin sabiq r\u0259isi V&uuml;sal \u018flizad\u0259nin cinay\u0259t i\u015fi &uuml;zr\u0259 m\u0259hk\u0259m\u0259 prosesi davam edib.<\/strong><\/p>\n<p>Ucnoqta.az APA-ya istinad\u0259n x\u0259b\u0259r verir ki, Bak\u0131 H\u0259rbi M\u0259hk\u0259m\u0259sind\u0259 hakim Fikr\u0259t \u018fliyevin s\u0259drliyi il\u0259 ke&ccedil;iril\u0259n prosesd\u0259 \u015fahid qismind\u0259 haz\u0131rda h\u0259bsd\u0259 olan M&uuml;dafi\u0259 Nazirliyinin Sat\u0131nalmalar v\u0259 T\u0259chizat \u0130dar\u0259sinin sabiq r\u0259isi M\u0259likm\u0259mm\u0259d Qurbanov dindirilib.<\/p>\n<p>Qeyd edilib ki, M\u0259likm\u0259mm\u0259d Qurbanov M&uuml;dafi\u0259 Nazirliynd\u0259 ba\u015f ver\u0259n 143 milyon manatl\u0131q yeyinti cinay\u0259t i\u015fi &uuml;zr\u0259 D&ouml;vl\u0259t T\u0259hl&uuml;k\u0259sizliyi Xidm\u0259ti t\u0259r\u0259find\u0259n apar\u0131lan istintaq zaman\u0131 m\u0259suliyy\u0259t\u0259 c\u0259lb olunub. Sonradan onun bar\u0259sind\u0259 olan cinay\u0259t i\u015fi ayr\u0131ca icraata g&ouml;t&uuml;r&uuml;l&uuml;b v\u0259 haz\u0131rda cinay\u0259t i\u015fin\u0259 m\u0259hk\u0259m\u0259d\u0259 bax\u0131l\u0131r.<\/p>\n<p>Sabiq idar\u0259 r\u0259isi ifad\u0259sind\u0259 bildirib ki, i\u015fl\u0259diyi d&ouml;vrd\u0259 2 d\u0259f\u0259 Maliyy\u0259 v\u0259 B&uuml;dc\u0259 \u0130dar\u0259sinin r\u0259isi i\u015fl\u0259mi\u015f Nizami M\u0259mm\u0259dova pul verib:<\/p>\n<p>&ldquo;N\u0259cm\u0259ddin Sad\u0131qov m\u0259ni kabinetin\u0259 &ccedil;a\u011f\u0131raraq 2018-ci ild\u0259 300 min, 2019-cu ild\u0259 is\u0259 500 min manat verdi ki, Nizami M\u0259mm\u0259dova &ccedil;atd\u0131r\u0131m. M\u0259n d\u0259 onun tap\u015f\u0131r\u0131\u011f\u0131n\u0131 icra etmi\u015f\u0259m. Bu pulun hans\u0131 s\u0259b\u0259bd\u0259n verilm\u0259sind\u0259n x\u0259b\u0259rim olmay\u0131b. M\u0259n ba\u015f q\u0259rargah r\u0259isinin g&ouml;st\u0259ri\u015fl\u0259rini icra etmi\u015f\u0259m. Hans\u0131 \u015firk\u0259tl\u0259rl\u0259 ba\u011fl\u0131 m&uuml;qavil\u0259 ba\u011flamaq laz\u0131md\u0131r, buna da ba\u015f q\u0259rargah r\u0259isi g&ouml;st\u0259ri\u015f verib. \u015eirk\u0259tl\u0259rd\u0259n g\u0259l\u0259n t\u0259klifl\u0259ri, eyni zamanda ba\u011flanan m&uuml;qavil\u0259l\u0259rl\u0259 ba\u011fl\u0131 ba\u015f q\u0259rargah r\u0259isin\u0259 m\u0259ruz\u0259 etmi\u015f\u0259m. Ba\u015f q\u0259rargah r\u0259isi d\u0259 m\u0259ni &ccedil;a\u011f\u0131r\u0131b deyirdi ki, hans\u0131 \u015firk\u0259tl\u0259 m&uuml;qavil\u0259 ba\u011flamaq olar, hans\u0131 il\u0259 olmaz. \u015eirk\u0259tl\u0259rl\u0259 ba\u011fl\u0131 komissiya 12 n\u0259f\u0259rd\u0259n ibar\u0259t olub. Burda bir ne&ccedil;\u0259 nazirliyin n&uuml;may\u0259nd\u0259si t\u0259msil olunub. Komissiyan\u0131n s\u0259dri is\u0259 m\u0259nim m&uuml;avinim idi. Tenderl\u0259rd\u0259 \u0259sas\u0259n &ldquo;Az\u0259rsun Holdinq&rdquo; v\u0259 onun t&ouml;r\u0259m\u0259 \u015firk\u0259tl\u0259rin\u0259 i\u015ftirak etm\u0259k icaz\u0259si verilib&rdquo;.<\/p>\n<p>M\u0259likm\u0259mm\u0259d Qurbanov bildirib ki, Nizami M\u0259mm\u0259dovun sat\u0131nalma v\u0259 t\u0259chizata he&ccedil; bir aidiyy\u0259ti olmay\u0131b:<\/p>\n<p>&ldquo;Nizami M\u0259mm\u0259dov \u015firk\u0259tl\u0259rl\u0259 ba\u011flanan m&uuml;qavil\u0259l\u0259rd\u0259 i\u015ftirak etm\u0259yib. 2015-2019-cu ill\u0259r \u0259rzind\u0259 nazirlik t\u0259r\u0259find\u0259n &uuml;mumilikd\u0259 \u015firk\u0259tl\u0259rd\u0259n 19 milyon 600 min manat pul al\u0131n\u0131b. H\u0259min ill\u0259rd\u0259 pullar \u0259n &ccedil;ox &ldquo;Az\u0259rsun Holdinq&rdquo;d\u0259n al\u0131n\u0131b&rdquo;.<\/p>\n<p>General Nizami M\u0259mm\u0259dov \u015fahidin ifad\u0259sin\u0259 m&uuml;nasib\u0259t bildir\u0259r\u0259k qeyd edib ki, sat\u0131nalma ona aidiyyat\u0131 olmayan bir sah\u0259dir:<\/p>\n<p>&ldquo;2023-c&uuml; ilin iyulunda bu m\u0259s\u0259l\u0259 il\u0259 ba\u011fl\u0131 m\u0259n\u0259 yeni ittiham verdil\u0259r. \u018fg\u0259r M\u0259likm\u0259mm\u0259d Qurbanovun dediyi pulu alsayd\u0131m, danmazd\u0131m, dey\u0259rdim. N\u0259cm\u0259ddin Sad\u0131qovun m\u0259n\u0259 n\u0259 borcu var idi, n\u0259 tabe&ccedil;iliyi. N\u0259 d\u0259 m\u0259nd\u0259n qorxusu var idi ki, m\u0259n\u0259 o q\u0259d\u0259r pul g&ouml;nd\u0259rsin. M\u0259n Maliyy\u0259 v\u0259 B&uuml;dc\u0259 \u0130dar\u0259sin\u0259 r\u0259is g\u0259l\u0259n\u0259 kimi, &uuml;zr ist\u0259yir\u0259m ora &ldquo;bazar&rdquo; idi. M\u0259n g\u0259l\u0259nd\u0259n sonra sat\u0131nalma il\u0259 ba\u011fl\u0131 m\u0259s\u0259l\u0259l\u0259ri y\u0131\u011f\u0131\u015fd\u0131rd\u0131m. Daha h\u0259r hans\u0131 \u015firk\u0259t m&uuml;diri yan\u0131ma g\u0259l\u0259 bilm\u0259zdi. &ldquo;Az\u0259rsun Holdinq&rdquo;in n&uuml;may\u0259nd\u0259si ifad\u0259 verib ki, guya m\u0259n\u0259 pul verib, m\u0259ni tan\u0131y\u0131r. G\u0259lsin, desin ki, Nizami M\u0259mm\u0259dovu tan\u0131y\u0131ram&rdquo;.<\/p>\n<p>Prosesd\u0259 Nizami M\u0259mm\u0259dovun v\u0259kili R\u0259\u015fad Mirmehdizad\u0259nin suallar\u0131n\u0131 cavabland\u0131ran M\u0259likm\u0259mm\u0259d Qurbanov \u015firk\u0259tl\u0259rd\u0259n g\u0259l\u0259n faizl\u0259rin kiml\u0259r\u0259 verilm\u0259si il\u0259 ba\u011fl\u0131 suallara cavab verm\u0259kd\u0259n imtina edib.<\/p>\n<p>M\u0259hk\u0259m\u0259d\u0259 \u015firk\u0259t r\u0259hb\u0259rl\u0259ri Az\u0259r R\u0259sulov v\u0259 H&uuml;seyn \u018fliyev d\u0259 dindirilib. \u015eirk\u0259t r\u0259hb\u0259rl\u0259ri M&uuml;dafi\u0259 Nazirliyi il\u0259 670 min manatl\u0131q m&uuml;qavil\u0259 ba\u011flad\u0131qlar\u0131n\u0131 t\u0259sdiq edibl\u0259r.<\/p>\n<p>M&uuml;dafi\u0259 Nazirliyinin M\u0259nzil \u0130stismar \u0130dar\u0259sinin r\u0259isi i\u015fl\u0259mi\u015f, haz\u0131rda h\u0259bsd\u0259 olan Fikr\u0259t Mirz\u0259yev bu i\u015f &uuml;zr\u0259 \u015fahid qismind\u0259 ifad\u0259 verib:<\/p>\n<p>&ldquo;Bizim idar\u0259 M&uuml;dafi\u0259 Nazirliyinin h\u0259rbi hiss\u0259l\u0259rind\u0259 t\u0259mir-tikinti i\u015fl\u0259ri il\u0259 m\u0259\u015f\u011ful olub. Tap\u015f\u0131r\u0131qlar\u0131 \u0259sas\u0259n N\u0259cm\u0259ddin Sad\u0131qovdan al\u0131rd\u0131q. M&uuml;dafi\u0259 Nazirliyi daimi i\u015f g&ouml;rm\u0259 qabiliyy\u0259tin\u0259 b\u0259l\u0259d oldu\u011fu \u015firk\u0259tl\u0259rl\u0259 i\u015fl\u0259yirdi. Hans\u0131 \u015firk\u0259tl\u0259 i\u015fl\u0259m\u0259yimizi Ba\u015f Q\u0259rargah r\u0259isi m\u0259sl\u0259h\u0259t g&ouml;r&uuml;rd&uuml;&rdquo;.<\/p>\n<p>M\u0259hk\u0259m\u0259 prosesi may\u0131n 3-d\u0259 davam ed\u0259c\u0259k.<\/p>\n<p>Qeyd ed\u0259k ki, M&uuml;dafi\u0259 Nazirliyinin Maliyy\u0259 v\u0259 B&uuml;dc\u0259 \u0130dar\u0259sinin sabiq r\u0259isi general-mayor Nizami M\u0259mm\u0259dov, H\u0259rbi Hava Q&uuml;vv\u0259l\u0259rinin (HHQ) Maliyy\u0259 Xidm\u0259tinin sabiq r\u0259isi, polkovnik C\u0259lal Kaz\u0131mov, Quru Qo\u015funlar\u0131n maliyy\u0259 idar\u0259sinin r\u0259isi Bayram Bayramov, H\u0259rbi Hava Q&uuml;vv\u0259l\u0259rinin maliyy\u0259 xidm\u0259tinin sabiq r\u0259isi V&uuml;sal \u018flizad\u0259, M&uuml;dafi\u0259 Nazirlinin Sat\u0131nalmalar v\u0259 T\u0259chizat \u0130dar\u0259sinin sabiq r\u0259isi, polkovnik Mahir \u015eirvanov, h\u0259m&ccedil;inin nazirliyin Sat\u0131nalmalar v\u0259 T\u0259chizat \u0130dar\u0259sinin sabiq r\u0259isi M\u0259likm\u0259mm\u0259d Qurbanov, nazirliyin m\u0259nzil istismar idar\u0259sinin sabiq r\u0259isi, polkovnik Fikr\u0259t Mirz\u0259yev D&ouml;vl\u0259t T\u0259hl&uuml;k\u0259sizliyi Xidm\u0259tinin ke&ccedil;irdiyi x&uuml;susi \u0259m\u0259liyyat n\u0259tic\u0259sind\u0259 h\u0259bs edilibl\u0259r.<\/p>\n","protected":false},"excerpt":{"rendered":"<p>M&uuml;dafi\u0259 Nazirliyinin m\u0259nims\u0259m\u0259y\u0259 g&ouml;r\u0259 tutulmu\u015f Maliyy\u0259 v\u0259 B&uuml;dc\u0259 \u0130dar\u0259sinin sabiq r\u0259isi general-mayor Nizami M\u0259mm\u0259dov, H\u0259rbi Hava Q&uuml;vv\u0259l\u0259rinin Maliyy\u0259 Xidm\u0259tinin sabiq r\u0259isi polkovnik C\u0259lal Kaz\u0131mov, Quru Qo\u015funlar\u0131n Maliyy\u0259 \u0130dar\u0259sinin r\u0259isi Bayram&hellip;<\/p>\n","protected":false},"author":1,"featured_media":251278,"comment_status":"open","ping_status":"open","sticky":false,"template":"","format":"standard","meta":{"_lmt_disableupdate":"","_lmt_disable":"","footnotes":""},"categories":[101],"tags":[],"class_list":["post-201104","post","type-post","status-publish","format-standard","has-post-thumbnail","hentry","category-cemiyyet"],"_links":{"self":[{"href":"https:\/\/ucnoqta.az\/index.php?rest_route=\/wp\/v2\/posts\/201104","targetHints":{"allow":["GET"]}}],"collection":[{"href":"https:\/\/ucnoqta.az\/index.php?rest_route=\/wp\/v2\/posts"}],"about":[{"href":"https:\/\/ucnoqta.az\/index.php?rest_route=\/wp\/v2\/types\/post"}],"author":[{"embeddable":true,"href":"https:\/\/ucnoqta.az\/index.php?rest_route=\/wp\/v2\/users\/1"}],"replies":[{"embeddable":true,"href":"https:\/\/ucnoqta.az\/index.php?rest_route=%2Fwp%2Fv2%2Fcomments&post=201104"}],"version-history":[{"count":0,"href":"https:\/\/ucnoqta.az\/index.php?rest_route=\/wp\/v2\/posts\/201104\/revisions"}],"wp:featuredmedia":[{"embeddable":true,"href":"https:\/\/ucnoqta.az\/index.php?rest_route=\/wp\/v2\/media\/251278"}],"wp:attachment":[{"href":"https:\/\/ucnoqta.az\/index.php?rest_route=%2Fwp%2Fv2%2Fmedia&parent=201104"}],"wp:term":[{"taxonomy":"category","embeddable":true,"href":"https:\/\/ucnoqta.az\/index.php?rest_route=%2Fwp%2Fv2%2Fcategories&post=201104"},{"taxonomy":"post_tag","embeddable":true,"href":"https:\/\/ucnoqta.az\/index.php?rest_route=%2Fwp%2Fv2%2Ftags&post=201104"}],"curies":[{"name":"wp","href":"https:\/\/api.w.org\/{rel}","templated":true}]}}