{"id":200403,"date":"2024-04-18T09:20:49","date_gmt":"2024-04-18T05:20:49","guid":{"rendered":""},"modified":"-0001-11-30T00:00:00","modified_gmt":"-0001-11-29T20:00:00","slug":"","status":"publish","type":"post","link":"https:\/\/ucnoqta.az\/?p=200403","title":{"rendered":"Astarada avtoxuliqanl\u0131q ed\u0259n s\u00fcr\u00fcc\u00fc h\u0259bs edilib"},"content":{"rendered":"<p>Astara rayonu \u0259razisind\u0259 avtoxuliqanl\u0131q h\u0259r\u0259k\u0259tl\u0259ri ed\u0259n s&uuml;r&uuml;c&uuml; h\u0259bs edilib.<\/p>\n<p>APA-n\u0131n verdiyi m\u0259lumata g&ouml;r\u0259, &quot;Mercedes-Benz&quot; markal\u0131 avtomobilin s&uuml;r&uuml;c&uuml;s&uuml;, Astara rayon sakini Kamran Bayramov yol h\u0259r\u0259k\u0259ti qaydalar\u0131n\u0131 kobud \u015f\u0259kild\u0259 pozaraq dig\u0259r h\u0259r\u0259k\u0259t i\u015ftirak&ccedil;\u0131lar\u0131n\u0131n h\u0259yat v\u0259 sa\u011flaml\u0131\u011f\u0131na real t\u0259hl&uuml;k\u0259 yaratmaqla avtoxuliqanl\u0131q h\u0259r\u0259k\u0259tl\u0259ri etdiyi &uuml;&ccedil;&uuml;n Astara Rayon Polis \u015e&ouml;b\u0259sinin d&ouml;vl\u0259t yol polisi b&ouml;lm\u0259sinin \u0259m\u0259kda\u015flar\u0131 t\u0259r\u0259find\u0259n saxlan\u0131l\u0131b.<\/p>\n<p>S&uuml;r&uuml;c&uuml; bar\u0259sind\u0259 protokol t\u0259rtib edil\u0259r\u0259k bax\u0131lmas\u0131 &uuml;&ccedil;&uuml;n rayon m\u0259hk\u0259m\u0259sin\u0259 t\u0259qdim olunub.<\/p>\n<p>M\u0259hk\u0259m\u0259nin q\u0259rar\u0131 il\u0259 s&uuml;r&uuml;c&uuml; K.Bayramov s&uuml;r&uuml;c&uuml;l&uuml;k h&uuml;ququ 2 il m&uuml;dd\u0259tind\u0259 m\u0259hdudla\u015fd\u0131r\u0131lmaqla 15 sutka inzibati qaydada h\u0259bs edilib.<\/p>\n<p>Qeyd ed\u0259k ki, Astarada yol polisi \u0259m\u0259kda\u015flar\u0131n\u0131n 3 ay \u0259rzind\u0259 intizams\u0131z s&uuml;r&uuml;c&uuml;l\u0259r\u0259 qar\u015f\u0131 ke&ccedil;irdikl\u0259ri proflaktik t\u0259dbirl\u0259r zaman\u0131 4171 protokol t\u0259rtib edilib. O c&uuml;ml\u0259d\u0259n, avtomobili s\u0259rxo\u015f v\u0259ziyy\u0259td\u0259 idar\u0259 ed\u0259n 50 s&uuml;r&uuml;c&uuml; bar\u0259sind\u0259 qanunam&uuml;vafiq qaydada t\u0259dbirl\u0259r g&ouml;r&uuml;l&uuml;b.<\/p>\n","protected":false},"excerpt":{"rendered":"<p>Astara rayonu \u0259razisind\u0259 avtoxuliqanl\u0131q h\u0259r\u0259k\u0259tl\u0259ri ed\u0259n s&uuml;r&uuml;c&uuml; h\u0259bs edilib. APA-n\u0131n verdiyi m\u0259lumata g&ouml;r\u0259, &quot;Mercedes-Benz&quot; markal\u0131 avtomobilin s&uuml;r&uuml;c&uuml;s&uuml;, Astara rayon sakini Kamran Bayramov yol h\u0259r\u0259k\u0259ti qaydalar\u0131n\u0131 kobud \u015f\u0259kild\u0259 pozaraq dig\u0259r h\u0259r\u0259k\u0259t&hellip;<\/p>\n","protected":false},"author":1,"featured_media":251278,"comment_status":"open","ping_status":"open","sticky":false,"template":"","format":"standard","meta":{"_lmt_disableupdate":"","_lmt_disable":"","footnotes":""},"categories":[91],"tags":[],"class_list":["post-200403","post","type-post","status-publish","format-standard","has-post-thumbnail","hentry","category-olkeici"],"_links":{"self":[{"href":"https:\/\/ucnoqta.az\/index.php?rest_route=\/wp\/v2\/posts\/200403","targetHints":{"allow":["GET"]}}],"collection":[{"href":"https:\/\/ucnoqta.az\/index.php?rest_route=\/wp\/v2\/posts"}],"about":[{"href":"https:\/\/ucnoqta.az\/index.php?rest_route=\/wp\/v2\/types\/post"}],"author":[{"embeddable":true,"href":"https:\/\/ucnoqta.az\/index.php?rest_route=\/wp\/v2\/users\/1"}],"replies":[{"embeddable":true,"href":"https:\/\/ucnoqta.az\/index.php?rest_route=%2Fwp%2Fv2%2Fcomments&post=200403"}],"version-history":[{"count":0,"href":"https:\/\/ucnoqta.az\/index.php?rest_route=\/wp\/v2\/posts\/200403\/revisions"}],"wp:featuredmedia":[{"embeddable":true,"href":"https:\/\/ucnoqta.az\/index.php?rest_route=\/wp\/v2\/media\/251278"}],"wp:attachment":[{"href":"https:\/\/ucnoqta.az\/index.php?rest_route=%2Fwp%2Fv2%2Fmedia&parent=200403"}],"wp:term":[{"taxonomy":"category","embeddable":true,"href":"https:\/\/ucnoqta.az\/index.php?rest_route=%2Fwp%2Fv2%2Fcategories&post=200403"},{"taxonomy":"post_tag","embeddable":true,"href":"https:\/\/ucnoqta.az\/index.php?rest_route=%2Fwp%2Fv2%2Ftags&post=200403"}],"curies":[{"name":"wp","href":"https:\/\/api.w.org\/{rel}","templated":true}]}}