{"id":200390,"date":"2024-04-18T00:01:03","date_gmt":"2024-04-17T20:01:03","guid":{"rendered":""},"modified":"-0001-11-30T00:00:00","modified_gmt":"-0001-11-29T20:00:00","slug":"","status":"publish","type":"post","link":"https:\/\/ucnoqta.az\/?p=200390","title":{"rendered":"Blinken aprelin 23-d\u0259 \u00c7in\u0259 s\u0259f\u0259r ed\u0259c\u0259k"},"content":{"rendered":"<p><strong>AB\u015e d&ouml;vl\u0259t katibi Entoni Blinken aprelin 23-d\u0259 &Ccedil;in\u0259 u&ccedil;acaq.<\/strong><\/p>\n<p>Ucnoqta.az x\u0259b\u0259r verir ki, bu bar\u0259d\u0259 &ldquo;Politico&rdquo; q\u0259zeti amerikal\u0131 diplomat v\u0259 r\u0259smil\u0259r\u0259 istinad\u0259n m\u0259lumat yay\u0131b.<\/p>\n<p>D&ouml;rd g&uuml;nl&uuml;k s\u0259f\u0259r zaman\u0131 Blinken y&uuml;ks\u0259k s\u0259viyy\u0259li &Ccedil;in r\u0259smil\u0259ri il\u0259 g&ouml;r&uuml;\u015f\u0259c\u0259k.<\/p>\n<p>N\u0259\u015frin qeyd etdiyi kimi, d&ouml;vl\u0259t katibinin s\u0259f\u0259ri ticar\u0259tl\u0259 ba\u011fl\u0131 artan g\u0259rginlik, &Ccedil;inin Rusiya il\u0259 yax\u0131nla\u015fmas\u0131 v\u0259 C\u0259nubi &Ccedil;in d\u0259nizind\u0259 Filippin\u0259 qar\u015f\u0131 aqressiv h\u0259r\u0259k\u0259tl\u0259r fonunda&nbsp;ba\u015f tutacaq.<\/p>\n","protected":false},"excerpt":{"rendered":"<p>AB\u015e d&ouml;vl\u0259t katibi Entoni Blinken aprelin 23-d\u0259 &Ccedil;in\u0259 u&ccedil;acaq. Ucnoqta.az x\u0259b\u0259r verir ki, bu bar\u0259d\u0259 &ldquo;Politico&rdquo; q\u0259zeti amerikal\u0131 diplomat v\u0259 r\u0259smil\u0259r\u0259 istinad\u0259n m\u0259lumat yay\u0131b. D&ouml;rd g&uuml;nl&uuml;k s\u0259f\u0259r zaman\u0131 Blinken y&uuml;ks\u0259k&hellip;<\/p>\n","protected":false},"author":1,"featured_media":251278,"comment_status":"open","ping_status":"open","sticky":false,"template":"","format":"standard","meta":{"_lmt_disableupdate":"","_lmt_disable":"","footnotes":""},"categories":[89],"tags":[],"class_list":["post-200390","post","type-post","status-publish","format-standard","has-post-thumbnail","hentry","category-dunya-butun-xeberler"],"_links":{"self":[{"href":"https:\/\/ucnoqta.az\/index.php?rest_route=\/wp\/v2\/posts\/200390","targetHints":{"allow":["GET"]}}],"collection":[{"href":"https:\/\/ucnoqta.az\/index.php?rest_route=\/wp\/v2\/posts"}],"about":[{"href":"https:\/\/ucnoqta.az\/index.php?rest_route=\/wp\/v2\/types\/post"}],"author":[{"embeddable":true,"href":"https:\/\/ucnoqta.az\/index.php?rest_route=\/wp\/v2\/users\/1"}],"replies":[{"embeddable":true,"href":"https:\/\/ucnoqta.az\/index.php?rest_route=%2Fwp%2Fv2%2Fcomments&post=200390"}],"version-history":[{"count":0,"href":"https:\/\/ucnoqta.az\/index.php?rest_route=\/wp\/v2\/posts\/200390\/revisions"}],"wp:featuredmedia":[{"embeddable":true,"href":"https:\/\/ucnoqta.az\/index.php?rest_route=\/wp\/v2\/media\/251278"}],"wp:attachment":[{"href":"https:\/\/ucnoqta.az\/index.php?rest_route=%2Fwp%2Fv2%2Fmedia&parent=200390"}],"wp:term":[{"taxonomy":"category","embeddable":true,"href":"https:\/\/ucnoqta.az\/index.php?rest_route=%2Fwp%2Fv2%2Fcategories&post=200390"},{"taxonomy":"post_tag","embeddable":true,"href":"https:\/\/ucnoqta.az\/index.php?rest_route=%2Fwp%2Fv2%2Ftags&post=200390"}],"curies":[{"name":"wp","href":"https:\/\/api.w.org\/{rel}","templated":true}]}}