{"id":200389,"date":"2024-04-17T22:58:07","date_gmt":"2024-04-17T18:58:07","guid":{"rendered":""},"modified":"-0001-11-30T00:00:00","modified_gmt":"-0001-11-29T20:00:00","slug":"","status":"publish","type":"post","link":"https:\/\/ucnoqta.az\/?p=200389","title":{"rendered":"Ayt\u0259n S\u0259f\u0259rovan\u0131n d\u00fc\u015fd\u00fcy\u00fc q\u0259zada \u00f6l\u0259n Ayxan\u0131n &#8211;"},"content":{"rendered":"<p><strong>X\u0259b\u0259r veriyimiz kimi, bu g&uuml;n s\u0259h\u0259r saatlar\u0131nda X\u0259tai rayonunun 8 Noyabr prospekti il\u0259 Sad\u0131qcan k&uuml;&ccedil;\u0259sinin k\u0259si\u015fm\u0259sind\u0259 \u0130smay\u0131l M\u0259mm\u0259dovun idar\u0259 etdiyi &ldquo;Hyundai \u0130X-35&rdquo; markal\u0131 avtomobill\u0259 apar\u0131c\u0131 Ayt\u0259n Piriyevan\u0131n (S\u0259f\u0259rova) idar\u0259 etdiyi avtomobil toqqu\u015fub, \u0130.M\u0259mm\u0259dovun idar\u0259 etdiyi avtomobild\u0259 olan s\u0259rni\u015fin Ayxan \u018fliyev ald\u0131\u011f\u0131 b\u0259d\u0259n x\u0259sar\u0259tl\u0259rind\u0259n x\u0259st\u0259xanada v\u0259fat edib.<\/strong><\/p>\n<p>Ucnoqta.az x\u0259b\u0259r verir ki, 2005-ci il t\u0259v\u0259ll&uuml;dl&uuml; Ayxan \u018fliyev Bak\u0131 Qida v\u0259 S\u0259nayesi kollecinin t\u0259l\u0259b\u0259si olub.<\/p>\n<p>Hadis\u0259 n\u0259tic\u0259sind\u0259 h\u0259yat\u0131n\u0131 itir\u0259n g\u0259ncin fotosunu t\u0259qdim edirik:<\/p>\n<p>&nbsp;<\/p>\n<p><img decoding=\"async\" alt=\"\" src=\"https:\/\/qafqazinfo.az\/uploads\/1713377491\/ay2.png\" title=\"\" \/><br \/>\n<img decoding=\"async\" alt=\"\" src=\"https:\/\/qafqazinfo.az\/uploads\/1713377491\/ay3.png\" title=\"\" \/><\/p>\n<p>\/\/\/milli<\/p>\n","protected":false},"excerpt":{"rendered":"<p>X\u0259b\u0259r veriyimiz kimi, bu g&uuml;n s\u0259h\u0259r saatlar\u0131nda X\u0259tai rayonunun 8 Noyabr prospekti il\u0259 Sad\u0131qcan k&uuml;&ccedil;\u0259sinin k\u0259si\u015fm\u0259sind\u0259 \u0130smay\u0131l M\u0259mm\u0259dovun idar\u0259 etdiyi &ldquo;Hyundai \u0130X-35&rdquo; markal\u0131 avtomobill\u0259 apar\u0131c\u0131 Ayt\u0259n Piriyevan\u0131n (S\u0259f\u0259rova) idar\u0259 etdiyi&hellip;<\/p>\n","protected":false},"author":1,"featured_media":251278,"comment_status":"open","ping_status":"open","sticky":false,"template":"","format":"standard","meta":{"_lmt_disableupdate":"","_lmt_disable":"","footnotes":""},"categories":[],"tags":[],"class_list":["post-200389","post","type-post","status-publish","format-standard","has-post-thumbnail","hentry"],"_links":{"self":[{"href":"https:\/\/ucnoqta.az\/index.php?rest_route=\/wp\/v2\/posts\/200389","targetHints":{"allow":["GET"]}}],"collection":[{"href":"https:\/\/ucnoqta.az\/index.php?rest_route=\/wp\/v2\/posts"}],"about":[{"href":"https:\/\/ucnoqta.az\/index.php?rest_route=\/wp\/v2\/types\/post"}],"author":[{"embeddable":true,"href":"https:\/\/ucnoqta.az\/index.php?rest_route=\/wp\/v2\/users\/1"}],"replies":[{"embeddable":true,"href":"https:\/\/ucnoqta.az\/index.php?rest_route=%2Fwp%2Fv2%2Fcomments&post=200389"}],"version-history":[{"count":0,"href":"https:\/\/ucnoqta.az\/index.php?rest_route=\/wp\/v2\/posts\/200389\/revisions"}],"wp:featuredmedia":[{"embeddable":true,"href":"https:\/\/ucnoqta.az\/index.php?rest_route=\/wp\/v2\/media\/251278"}],"wp:attachment":[{"href":"https:\/\/ucnoqta.az\/index.php?rest_route=%2Fwp%2Fv2%2Fmedia&parent=200389"}],"wp:term":[{"taxonomy":"category","embeddable":true,"href":"https:\/\/ucnoqta.az\/index.php?rest_route=%2Fwp%2Fv2%2Fcategories&post=200389"},{"taxonomy":"post_tag","embeddable":true,"href":"https:\/\/ucnoqta.az\/index.php?rest_route=%2Fwp%2Fv2%2Ftags&post=200389"}],"curies":[{"name":"wp","href":"https:\/\/api.w.org\/{rel}","templated":true}]}}