{"id":198792,"date":"2024-03-20T16:13:29","date_gmt":"2024-03-20T12:13:29","guid":{"rendered":""},"modified":"-0001-11-30T00:00:00","modified_gmt":"-0001-11-29T20:00:00","slug":"","status":"publish","type":"post","link":"https:\/\/ucnoqta.az\/?p=198792","title":{"rendered":"Dani Alve\u015f azadl\u0131\u011fa burax\u0131ld\u0131 &#8211;"},"content":{"rendered":"<p><strong>Barselona m\u0259hk\u0259m\u0259si ke&ccedil;mi\u015f braziliyal\u0131 futbol&ccedil;u Dani Alve\u015fi 1 milyon avroluq girov qar\u015f\u0131l\u0131\u011f\u0131nda azadl\u0131\u011fa burax\u0131b.<\/strong><\/p>\n<p>Ucnoqta.az x\u0259b\u0259r verir ki, bu bar\u0259d\u0259 &quot;Marca&quot; n\u0259\u015fri m\u0259lumat yay\u0131b.<\/p>\n<p>Bundan \u0259vv\u0259l Dani Alve\u015fin v\u0259kili \u0130nes Qvardiola Barselona m\u0259hk\u0259m\u0259sinin h&ouml;km&uuml;nd\u0259n apellyasiya \u015fikay\u0259ti verib v\u0259 yekun h&ouml;km &ccedil;\u0131xar\u0131lana q\u0259d\u0259r m\u0259hkumun azadl\u0131\u011fa burax\u0131lmas\u0131n\u0131 t\u0259l\u0259b edib.<\/p>\n<p>Xat\u0131rladaq ki, &ouml;t\u0259n ilin yanvar\u0131nda 40 ya\u015fl\u0131 Dani Alve\u015f Barselonadak\u0131 Sutton gec\u0259 klubunda q\u0131za t\u0259cav&uuml;z etm\u0259kd\u0259 ittiham olunub. Yanvar\u0131n 20-d\u0259 ke&ccedil;mi\u015f futbol&ccedil;u n\u0259zar\u0259t\u0259 g&ouml;t&uuml;r&uuml;l&uuml;b. Daha sonra o, 4\u015f5 il h\u0259bs c\u0259zas\u0131na m\u0259hkum edilib v\u0259 h\u0259m&ccedil;inin m\u0259n\u0259vi t\u0259zminat olaraq z\u0259r\u0259r&ccedil;\u0259k\u0259n\u0259 150 \u200b\u200bmin avro &ouml;d\u0259m\u0259y\u0259 m\u0259hkum edilib. Eyni zamanda \u0130spaniya prokurorlu\u011fu Alve\u015fin daha uzun m&uuml;dd\u0259t h\u0259bsd\u0259 qalmas\u0131 laz\u0131m oldu\u011funu d&uuml;\u015f&uuml;n\u0259r\u0259k m\u0259hk\u0259m\u0259nin q\u0259rar\u0131ndan apellyasiya \u015fikay\u0259ti verm\u0259yi planla\u015fd\u0131r\u0131b<\/p>\n","protected":false},"excerpt":{"rendered":"<p>Barselona m\u0259hk\u0259m\u0259si ke&ccedil;mi\u015f braziliyal\u0131 futbol&ccedil;u Dani Alve\u015fi 1 milyon avroluq girov qar\u015f\u0131l\u0131\u011f\u0131nda azadl\u0131\u011fa burax\u0131b. Ucnoqta.az x\u0259b\u0259r verir ki, bu bar\u0259d\u0259 &quot;Marca&quot; n\u0259\u015fri m\u0259lumat yay\u0131b. Bundan \u0259vv\u0259l Dani Alve\u015fin v\u0259kili \u0130nes&hellip;<\/p>\n","protected":false},"author":1,"featured_media":251278,"comment_status":"open","ping_status":"open","sticky":false,"template":"","format":"standard","meta":{"_lmt_disableupdate":"","_lmt_disable":"","footnotes":""},"categories":[],"tags":[],"class_list":["post-198792","post","type-post","status-publish","format-standard","has-post-thumbnail","hentry"],"_links":{"self":[{"href":"https:\/\/ucnoqta.az\/index.php?rest_route=\/wp\/v2\/posts\/198792","targetHints":{"allow":["GET"]}}],"collection":[{"href":"https:\/\/ucnoqta.az\/index.php?rest_route=\/wp\/v2\/posts"}],"about":[{"href":"https:\/\/ucnoqta.az\/index.php?rest_route=\/wp\/v2\/types\/post"}],"author":[{"embeddable":true,"href":"https:\/\/ucnoqta.az\/index.php?rest_route=\/wp\/v2\/users\/1"}],"replies":[{"embeddable":true,"href":"https:\/\/ucnoqta.az\/index.php?rest_route=%2Fwp%2Fv2%2Fcomments&post=198792"}],"version-history":[{"count":0,"href":"https:\/\/ucnoqta.az\/index.php?rest_route=\/wp\/v2\/posts\/198792\/revisions"}],"wp:featuredmedia":[{"embeddable":true,"href":"https:\/\/ucnoqta.az\/index.php?rest_route=\/wp\/v2\/media\/251278"}],"wp:attachment":[{"href":"https:\/\/ucnoqta.az\/index.php?rest_route=%2Fwp%2Fv2%2Fmedia&parent=198792"}],"wp:term":[{"taxonomy":"category","embeddable":true,"href":"https:\/\/ucnoqta.az\/index.php?rest_route=%2Fwp%2Fv2%2Fcategories&post=198792"},{"taxonomy":"post_tag","embeddable":true,"href":"https:\/\/ucnoqta.az\/index.php?rest_route=%2Fwp%2Fv2%2Ftags&post=198792"}],"curies":[{"name":"wp","href":"https:\/\/api.w.org\/{rel}","templated":true}]}}